{"id":238552,"date":"2024-01-21T10:59:08","date_gmt":"2024-01-21T10:59:08","guid":{"rendered":"https:\/\/ami.mr\/fr\/?p=238552"},"modified":"2024-01-21T10:59:08","modified_gmt":"2024-01-21T10:59:08","slug":"can-2023-2e-match-des-mourabitounes-des-regrets-et-un-espoir-de-qualification","status":"publish","type":"post","link":"https:\/\/ami.mr\/fr\/archives\/238552","title":{"rendered":"CAN 2023 \u2013 2e match des mourabitounes : des regrets et un espoir de qualification"},"content":{"rendered":"<p>L\u2019\u00e9quipe nationale de football s\u2019est inclin\u00e9e 2-3 face \u00e0 celle de l\u2019Angola, samedi, au stade de la paix de Bouak\u00e9.<\/p>\n<p>Les mourabitounes viennent de disputer leur deuxi\u00e8me match dans cette Coupe d\u2019Afrique des Nations C\u00f4te d\u2019Ivoire 2023. Ils sont condamn\u00e9s \u00e0 remporter la 3e rencontre, contre l\u2019Alg\u00e9rie, pour esp\u00e9rer continuer l\u2019aventure.<\/p>\n<p>La tristesse se lisait sur le visage de bon nombre de mauritaniens, au coup de sifflet final. Les mourabitounes ont encaiss\u00e9 des buts, suite \u00e0 des pertes de balles. Les sauts de concentration de certains joueurs ont cout\u00e9 cher.<\/p>\n<p>Pourtant, la s\u00e9lection dirig\u00e9e par Amir Abdou avait sonn\u00e9 la charge tr\u00e8s t\u00f4t, avec un face \u00e0 face de Pape Ibnou Ba. Il bute sur le gardien. Derri\u00e8re, la Mauritanie encaisse.<\/p>\n<p>Pour le s\u00e9lectionneur, l\u2019\u00e9quipe \u00ab n\u2019a pas eu un probl\u00e8me tactique ou physique \u00bb. Il pointe plut\u00f4t du doigt \u00ab des erreurs individuelles, des cadeaux donn\u00e9s \u00e0 l\u2019adversaire \u00bb.<\/p>\n<p>R\u00e9gler la mire, c\u2019\u00e9tait le probl\u00e8me du premier match. Les co\u00e9quipiers d\u2019Aly Abeid avaient \u00e9t\u00e9 solides, disciplin\u00e9s, mais sans marquer.<\/p>\n<p>Les mourabitounes ont sign\u00e9 deux magnifiques buts, par l\u2019interm\u00e9diaire de Sidi Bouna Amar et d\u2019Aboubakary Koita. Seulement, la cruaut\u00e9 du football est pass\u00e9e par l\u00e0, g\u00e2chant la f\u00eate.<\/p>\n<p>Abdallahi Ely, supporteur de l\u2019\u00e9quipe nationale, d\u00e9sign\u00e9 fan du match, et c\u00e9l\u00e9br\u00e9 par tout le stade de la paix de Bouak\u00e9, n\u2019a pas pu savourer de cette reconnaissance.<\/p>\n<p>Esp\u00e9rons que la troisi\u00e8me sortie des mourabitounes sera la bonne. Et pour cela ; ils auront besoin de toute la force que le public peut leur transmettre. \u00ab D\u00e9couragement n\u2019est pas ivoirien \u00bb, dit-on \u00e0 Abidjan. Il ne devrait pas \u00eatre mauritanien, non plus.<\/p>\n<p>Dos au mur, Amir Abdou qui a la charge de conduire l\u2019\u00e9quipe nationale le plus loin possible dans cette comp\u00e9tition.<\/p>\n<p>Lors de la derni\u00e8re \u00e9dition, face au Comores, il s\u2019\u00e9tait illustr\u00e9 en \u00e9liminant le Ghana apr\u00e8s avoir perdu deux matchs. Les mauritaniens invoquent ce souvenir et s\u2019accrochent \u00e0 cet espoir de voir l\u2019exploit se r\u00e9aliser.<\/p>\n<p>Par Amadou SY, (Bouak\u00e9, C\u00f4te d\u2019Ivoire, envoy\u00e9 sp\u00e9cial)<\/p>\n","protected":false},"excerpt":{"rendered":"<p>L\u2019\u00e9quipe nationale de football s\u2019est inclin\u00e9e 2-3 face \u00e0 celle de l\u2019Angola, samedi, au stade de la paix de Bouak\u00e9. Les mourabitounes viennent de disputer leur deuxi\u00e8me match dans cette Coupe d\u2019Afrique des Nations C\u00f4te d\u2019Ivoire 2023. Ils sont condamn\u00e9s \u00e0 remporter la 3e rencontre, contre l\u2019Alg\u00e9rie, pour esp\u00e9rer continuer l\u2019aventure. La tristesse se lisait [&hellip;]<\/p>\n","protected":false},"author":16,"featured_media":238553,"comment_status":"open","ping_status":"open","sticky":false,"template":"","format":"standard","meta":{"footnotes":""},"categories":[63920,63957,25,63925,32],"tags":[],"class_list":["post-238552","post","type-post","status-publish","format-standard","has-post-thumbnail","hentry","category-a-la-une","category-fil-dactualite","category-25","category-slider-sport","category-32"],"_links":{"self":[{"href":"https:\/\/ami.mr\/fr\/wp-json\/wp\/v2\/posts\/238552","targetHints":{"allow":["GET"]}}],"collection":[{"href":"https:\/\/ami.mr\/fr\/wp-json\/wp\/v2\/posts"}],"about":[{"href":"https:\/\/ami.mr\/fr\/wp-json\/wp\/v2\/types\/post"}],"author":[{"embeddable":true,"href":"https:\/\/ami.mr\/fr\/wp-json\/wp\/v2\/users\/16"}],"replies":[{"embeddable":true,"href":"https:\/\/ami.mr\/fr\/wp-json\/wp\/v2\/comments?post=238552"}],"version-history":[{"count":1,"href":"https:\/\/ami.mr\/fr\/wp-json\/wp\/v2\/posts\/238552\/revisions"}],"predecessor-version":[{"id":238554,"href":"https:\/\/ami.mr\/fr\/wp-json\/wp\/v2\/posts\/238552\/revisions\/238554"}],"wp:featuredmedia":[{"embeddable":true,"href":"https:\/\/ami.mr\/fr\/wp-json\/wp\/v2\/media\/238553"}],"wp:attachment":[{"href":"https:\/\/ami.mr\/fr\/wp-json\/wp\/v2\/media?parent=238552"}],"wp:term":[{"taxonomy":"category","embeddable":true,"href":"https:\/\/ami.mr\/fr\/wp-json\/wp\/v2\/categories?post=238552"},{"taxonomy":"post_tag","embeddable":true,"href":"https:\/\/ami.mr\/fr\/wp-json\/wp\/v2\/tags?post=238552"}],"curies":[{"name":"wp","href":"https:\/\/api.w.org\/{rel}","templated":true}]}}