{"id":238547,"date":"2024-01-20T20:46:36","date_gmt":"2024-01-20T20:46:36","guid":{"rendered":"https:\/\/ami.mr\/fr\/?p=238547"},"modified":"2024-01-20T20:46:36","modified_gmt":"2024-01-20T20:46:36","slug":"une-caravane-medicale-dispense-a-rosso-des-consultations-gratuites","status":"publish","type":"post","link":"https:\/\/ami.mr\/fr\/archives\/238547","title":{"rendered":"Une caravane m\u00e9dicale dispense \u00e0 Rosso des consultations gratuites"},"content":{"rendered":"<p>Une caravane m\u00e9dicale comprenant diff\u00e9rents sp\u00e9cialistes a entam\u00e9 ses activit\u00e9s, samedi \u00e0 Rosso.<\/p>\n<p>Organis\u00e9e par l&#8217;initiative El Weva pour le secours de Rosso, la caravane dispensera des consultations gratuites et proc\u00e9dera \u00e0 la distribution de certains m\u00e9dicaments.<\/p>\n<p>Au cours d&#8217;une visite effectu\u00e9e \u00e0 cette occasion \u00e0 la caravane, le wali a indiqu\u00e9 que les objectifs de la caravane sont en parfaite coh\u00e9sion avec la politique g\u00e9n\u00e9rale de l&#8217;Etat qui fait du rapprochement des services des populations une priorit\u00e9.<\/p>\n<p>L&#8217;initiative permettra aux couches vuln\u00e9rables de profiter des services de la caravane sans peine, avant de remercier le pr\u00e9sident de l&#8217;initiative pour ce genre d&#8217;activit\u00e9s sociales.<\/p>\n<p>De son c\u00f4t\u00e9, le maire de la commune de Rosso, M. Bamba Ould Dermane a remerci\u00e9 la caravane pour les services dispens\u00e9s de fa\u00e7on gratuite, soulignant que la pr\u00e9sence en masses des populations aux activit\u00e9s de la caravane prouve l&#8217;importance de cette caravane.<\/p>\n<p>De son c\u00f4t\u00e9, le pr\u00e9sident de l&#8217;initiative , M. Mohamed El Hacen Ould Hadj, a rendu hommage au r\u00f4le jou\u00e9 par l&#8217;\u00e9quipe m\u00e9dicale de la caravane qui sera organis\u00e9e chaque six mois.<\/p>\n<p>Il a aussi not\u00e9 que l&#8217;action de la caravane vient compl\u00e9ter celle des pouvoirs publics.<\/p>\n<p>De leur c\u00f4t\u00e9, des dizaines de malades ont exprim\u00e9 leurs remerciements pour cette mesure visant \u00e0 rapprocher les services des populations \u00e0 revenus limit\u00e9s .<\/p>\n","protected":false},"excerpt":{"rendered":"<p>Une caravane m\u00e9dicale comprenant diff\u00e9rents sp\u00e9cialistes a entam\u00e9 ses activit\u00e9s, samedi \u00e0 Rosso. Organis\u00e9e par l&#8217;initiative El Weva pour le secours de Rosso, la caravane dispensera des consultations gratuites et proc\u00e9dera \u00e0 la distribution de certains m\u00e9dicaments. Au cours d&#8217;une visite effectu\u00e9e \u00e0 cette occasion \u00e0 la caravane, le wali a indiqu\u00e9 que les objectifs [&hellip;]<\/p>\n","protected":false},"author":5,"featured_media":238548,"comment_status":"open","ping_status":"open","sticky":false,"template":"","format":"standard","meta":{"footnotes":""},"categories":[63918,63957,63923,8672],"tags":[],"class_list":["post-238547","post","type-post","status-publish","format-standard","has-post-thumbnail","hentry","category-autres","category-fil-dactualite","category-slider-wilayas","category-8672"],"_links":{"self":[{"href":"https:\/\/ami.mr\/fr\/wp-json\/wp\/v2\/posts\/238547","targetHints":{"allow":["GET"]}}],"collection":[{"href":"https:\/\/ami.mr\/fr\/wp-json\/wp\/v2\/posts"}],"about":[{"href":"https:\/\/ami.mr\/fr\/wp-json\/wp\/v2\/types\/post"}],"author":[{"embeddable":true,"href":"https:\/\/ami.mr\/fr\/wp-json\/wp\/v2\/users\/5"}],"replies":[{"embeddable":true,"href":"https:\/\/ami.mr\/fr\/wp-json\/wp\/v2\/comments?post=238547"}],"version-history":[{"count":1,"href":"https:\/\/ami.mr\/fr\/wp-json\/wp\/v2\/posts\/238547\/revisions"}],"predecessor-version":[{"id":238549,"href":"https:\/\/ami.mr\/fr\/wp-json\/wp\/v2\/posts\/238547\/revisions\/238549"}],"wp:featuredmedia":[{"embeddable":true,"href":"https:\/\/ami.mr\/fr\/wp-json\/wp\/v2\/media\/238548"}],"wp:attachment":[{"href":"https:\/\/ami.mr\/fr\/wp-json\/wp\/v2\/media?parent=238547"}],"wp:term":[{"taxonomy":"category","embeddable":true,"href":"https:\/\/ami.mr\/fr\/wp-json\/wp\/v2\/categories?post=238547"},{"taxonomy":"post_tag","embeddable":true,"href":"https:\/\/ami.mr\/fr\/wp-json\/wp\/v2\/tags?post=238547"}],"curies":[{"name":"wp","href":"https:\/\/api.w.org\/{rel}","templated":true}]}}