{"id":238508,"date":"2024-01-19T18:09:01","date_gmt":"2024-01-19T18:09:01","guid":{"rendered":"https:\/\/ami.mr\/fr\/?p=238508"},"modified":"2024-01-19T18:09:01","modified_gmt":"2024-01-19T18:09:01","slug":"demarrage-dun-atelier-de-formation-des-gestionnaires-dentrepots-dans-certaines-wilayas","status":"publish","type":"post","link":"https:\/\/ami.mr\/fr\/archives\/238508","title":{"rendered":"D\u00e9marrage d\u2019un atelier de formation des gestionnaires d\u2019entrep\u00f4ts dans certaines Wilayas"},"content":{"rendered":"<p>Le commissaire adjoint du Commissariat de la s\u00e9curit\u00e9 alimentaire, M. Limam Ould Abdaoua, a supervis\u00e9, vendredi \u00e0 Nouakchott, l\u2019ouverture d\u2019un atelier de formation sur la gestion des stocks alimentaires, au profit des gestionnaires d\u2019entrep\u00f4ts des wilayas du Trarza, de Dakhlet &#8211; Nouadhibou et de Nouakchott.<\/p>\n<p>Cet atelier est organis\u00e9 dans le cadre d\u2019ateliers de formation similaires organis\u00e9s pour les gestionnaires d\u2019entrep\u00f4ts dans toutes les wilayas, o\u00f9 les participants vont suivre des pr\u00e9sentations th\u00e9oriques et pratiques qui d\u00e9velopperont leurs comp\u00e9tences en mati\u00e8re de gestion des stocks alimentaires et leur permettront d\u2019acqu\u00e9rir l\u2019exp\u00e9rience n\u00e9cessaire pour g\u00e9rer ces stocks .<\/p>\n<p>Ouvrant l\u2019atelier, le Commissaire adjointe a indiqu\u00e9 que la s\u00e9curit\u00e9 alimentaire est un \u00e9l\u00e9ment essentiel et un facteur pivot du d\u00e9veloppement et de la stabilit\u00e9 des pays, en raison de ses r\u00e9percussions sur les conditions \u00e9conomiques et sociales.<\/p>\n<p>Il a soulign\u00e9 que la s\u00e9curit\u00e9 alimentaire des citoyens occupe une place de choix dans les priorit\u00e9s de l\u2019action gouvernementale en ex\u00e9cution des engagements de Son Excellence le Pr\u00e9sident de la R\u00e9publique, M. Mohamed Ould Cheikh El Ghazouani, dont nombreux volets ont \u00e9t\u00e9 mis en \u0153uvre ces derni\u00e8res ann\u00e9es visant \u00e0 assurer la s\u00e9curit\u00e9 alimentaire des citoyens \u00e0 la lumi\u00e8re des crises et des troubles internationaux et r\u00e9gionaux tr\u00e8s complexes.<\/p>\n<p>Ould Abdaoua a ajout\u00e9 que le gouvernement, conscient de l\u2019importance du stockage comme garantie de la s\u00e9curit\u00e9 alimentaire, a pris l\u2019initiative de renforcer la capacit\u00e9 de stockage du pays, en initiant la construction d\u2019un nouveau r\u00e9seau d\u2019entrep\u00f4ts couvrant toutes les Wilayas, avec une capacit\u00e9 de stockage suppl\u00e9mentaire d\u2019environ 135.000 tonnes, ce qui augmentera la capacit\u00e9 de stockage du HCR de 107%.<\/p>\n<p>Il a soulign\u00e9 que la gestion rationnelle et efficace des stocks alimentaires n\u00e9cessite la formation d\u2019un cadre humain charg\u00e9 d\u2019en assurer la gestion, ce qui a incit\u00e9 le HCR, en partenariat avec le Programme alimentaire mondial, \u00e0 organiser des cours de formation sur les stocks afin d\u2019am\u00e9liorer leurs capacit\u00e9s et leurs comp\u00e9tences, en assurant leur conservation dans des conditions de stockage saines et s\u00fbres.<\/p>\n<p>Le commissaire adjoint a, \u00e9galement, indiqu\u00e9 que cette formation, qui prend fin aujourd\u2019hui, et qui r\u00e9unit les responsables d\u2019entrep\u00f4ts des wilayas du Trarza, de Nouakchott et de Nouadhibou, apr\u00e8s avoir organis\u00e9 des ateliers de formation similaires pour les gestionnaires d\u2019entrep\u00f4ts dans le reste des Wilayas, rev\u00eat une importance particuli\u00e8re.<\/p>\n<p>De son c\u00f4t\u00e9, le directeur adjoint du Projet de s\u00e9curit\u00e9 alimentaire mondiale, M. Patrick Tekzira, a indiqu\u00e9 que le projet poursuit ses efforts conjoints avec la Commissariat \u00e0 la s\u00e9curit\u00e9 alimentaire et la direction de la nutrition et de l\u2019\u00e9ducation \u00e0 la sant\u00e9 pour am\u00e9liorer la gestion des stocks alimentaires en Mauritanie, notant que cet engagement s\u2019inscrit dans le cadre des programmes d\u2019appui aux partenaires et des accords de partenariat sign\u00e9s avec la Commission de la s\u00e9curit\u00e9 alimentaire en 2023.<\/p>\n<p>Il a ajout\u00e9 que le maintien de la s\u00e9curit\u00e9 alimentaire et de la nutrition est essentiel pour l\u2019acc\u00e8s de la population \u00e0 une alimentation saine et respectueuse des r\u00e8gles sanitaires.<\/p>\n<p>La c\u00e9r\u00e9monie d\u2019ouverture de l\u2019atelier s\u2019est d\u00e9roul\u00e9e en pr\u00e9sence du secr\u00e9taire g\u00e9n\u00e9ral du minist\u00e8re de l\u2019agriculture, M. Ahmed Salem Ould Elarby, du secr\u00e9taire g\u00e9n\u00e9ral du minist\u00e8re de l\u2019\u00e9levage, M. Amadi Taleb, au c\u00f4t\u00e9 de membres du personnel du HCR.<\/p>\n","protected":false},"excerpt":{"rendered":"<p>Le commissaire adjoint du Commissariat de la s\u00e9curit\u00e9 alimentaire, M. Limam Ould Abdaoua, a supervis\u00e9, vendredi \u00e0 Nouakchott, l\u2019ouverture d\u2019un atelier de formation sur la gestion des stocks alimentaires, au profit des gestionnaires d\u2019entrep\u00f4ts des wilayas du Trarza, de Dakhlet &#8211; Nouadhibou et de Nouakchott. Cet atelier est organis\u00e9 dans le cadre d\u2019ateliers de formation [&hellip;]<\/p>\n","protected":false},"author":5,"featured_media":238509,"comment_status":"open","ping_status":"open","sticky":false,"template":"","format":"standard","meta":{"footnotes":""},"categories":[63918,63957,63959,63927],"tags":[],"class_list":["post-238508","post","type-post","status-publish","format-standard","has-post-thumbnail","hentry","category-autres","category-fil-dactualite","category-mauritanie","category-slider-mauritanie"],"_links":{"self":[{"href":"https:\/\/ami.mr\/fr\/wp-json\/wp\/v2\/posts\/238508","targetHints":{"allow":["GET"]}}],"collection":[{"href":"https:\/\/ami.mr\/fr\/wp-json\/wp\/v2\/posts"}],"about":[{"href":"https:\/\/ami.mr\/fr\/wp-json\/wp\/v2\/types\/post"}],"author":[{"embeddable":true,"href":"https:\/\/ami.mr\/fr\/wp-json\/wp\/v2\/users\/5"}],"replies":[{"embeddable":true,"href":"https:\/\/ami.mr\/fr\/wp-json\/wp\/v2\/comments?post=238508"}],"version-history":[{"count":1,"href":"https:\/\/ami.mr\/fr\/wp-json\/wp\/v2\/posts\/238508\/revisions"}],"predecessor-version":[{"id":238510,"href":"https:\/\/ami.mr\/fr\/wp-json\/wp\/v2\/posts\/238508\/revisions\/238510"}],"wp:featuredmedia":[{"embeddable":true,"href":"https:\/\/ami.mr\/fr\/wp-json\/wp\/v2\/media\/238509"}],"wp:attachment":[{"href":"https:\/\/ami.mr\/fr\/wp-json\/wp\/v2\/media?parent=238508"}],"wp:term":[{"taxonomy":"category","embeddable":true,"href":"https:\/\/ami.mr\/fr\/wp-json\/wp\/v2\/categories?post=238508"},{"taxonomy":"post_tag","embeddable":true,"href":"https:\/\/ami.mr\/fr\/wp-json\/wp\/v2\/tags?post=238508"}],"curies":[{"name":"wp","href":"https:\/\/api.w.org\/{rel}","templated":true}]}}