{"id":238354,"date":"2024-01-18T12:00:39","date_gmt":"2024-01-18T12:00:39","guid":{"rendered":"https:\/\/ami.mr\/fr\/?p=238354"},"modified":"2024-01-18T12:00:39","modified_gmt":"2024-01-18T12:00:39","slug":"le-ministre-de-lhydraulique-se-rend-a-saint-louis","status":"publish","type":"post","link":"https:\/\/ami.mr\/fr\/archives\/238354","title":{"rendered":"Le ministre de l\u2019Hydraulique se rend \u00e0 Saint-Louis"},"content":{"rendered":"<p>Le ministre de l\u2019Hydraulique et de l\u2019Assainissement, M. Ismail Abdelvettah, a quitt\u00e9 Nouakchott, mercredi, \u00e0 destination de Saint-Louis (S\u00e9n\u00e9gal), o\u00f9 il participera \u00e0 un forum sur le d\u00e9veloppement du bassin du fleuve S\u00e9n\u00e9gal face au changement climatique, organis\u00e9 par la Banque mondiale.<\/p>\n<p>Le ministre est accompagn\u00e9, dans ce d\u00e9placement, du conseiller charg\u00e9 de l\u2019assainissement, M. Lafdhal Ould Dada.<\/p>\n","protected":false},"excerpt":{"rendered":"<p>Le ministre de l\u2019Hydraulique et de l\u2019Assainissement, M. Ismail Abdelvettah, a quitt\u00e9 Nouakchott, mercredi, \u00e0 destination de Saint-Louis (S\u00e9n\u00e9gal), o\u00f9 il participera \u00e0 un forum sur le d\u00e9veloppement du bassin du fleuve S\u00e9n\u00e9gal face au changement climatique, organis\u00e9 par la Banque mondiale. Le ministre est accompagn\u00e9, dans ce d\u00e9placement, du conseiller charg\u00e9 de l\u2019assainissement, M. [&hellip;]<\/p>\n","protected":false},"author":10,"featured_media":238355,"comment_status":"open","ping_status":"open","sticky":false,"template":"","format":"standard","meta":{"footnotes":""},"categories":[63918,63957,25],"tags":[],"class_list":["post-238354","post","type-post","status-publish","format-standard","has-post-thumbnail","hentry","category-autres","category-fil-dactualite","category-25"],"_links":{"self":[{"href":"https:\/\/ami.mr\/fr\/wp-json\/wp\/v2\/posts\/238354","targetHints":{"allow":["GET"]}}],"collection":[{"href":"https:\/\/ami.mr\/fr\/wp-json\/wp\/v2\/posts"}],"about":[{"href":"https:\/\/ami.mr\/fr\/wp-json\/wp\/v2\/types\/post"}],"author":[{"embeddable":true,"href":"https:\/\/ami.mr\/fr\/wp-json\/wp\/v2\/users\/10"}],"replies":[{"embeddable":true,"href":"https:\/\/ami.mr\/fr\/wp-json\/wp\/v2\/comments?post=238354"}],"version-history":[{"count":1,"href":"https:\/\/ami.mr\/fr\/wp-json\/wp\/v2\/posts\/238354\/revisions"}],"predecessor-version":[{"id":238356,"href":"https:\/\/ami.mr\/fr\/wp-json\/wp\/v2\/posts\/238354\/revisions\/238356"}],"wp:featuredmedia":[{"embeddable":true,"href":"https:\/\/ami.mr\/fr\/wp-json\/wp\/v2\/media\/238355"}],"wp:attachment":[{"href":"https:\/\/ami.mr\/fr\/wp-json\/wp\/v2\/media?parent=238354"}],"wp:term":[{"taxonomy":"category","embeddable":true,"href":"https:\/\/ami.mr\/fr\/wp-json\/wp\/v2\/categories?post=238354"},{"taxonomy":"post_tag","embeddable":true,"href":"https:\/\/ami.mr\/fr\/wp-json\/wp\/v2\/tags?post=238354"}],"curies":[{"name":"wp","href":"https:\/\/api.w.org\/{rel}","templated":true}]}}