{"id":238299,"date":"2024-01-17T22:01:39","date_gmt":"2024-01-17T22:01:39","guid":{"rendered":"https:\/\/ami.mr\/fr\/?p=238299"},"modified":"2024-01-18T11:48:28","modified_gmt":"2024-01-18T11:48:28","slug":"des-membres-du-gouvernement-commentent-les-resultats-du-conseil-des-ministres-140","status":"publish","type":"post","link":"https:\/\/ami.mr\/fr\/archives\/238299","title":{"rendered":"Des membres du Gouvernement commentent les r\u00e9sultats du conseil des ministres"},"content":{"rendered":"<p>Des membres du Gouvernement ont comment\u00e9, mercredi apr\u00e8s-midi, les r\u00e9sultats du Conseil des Ministres tenu t\u00f4t dans la matin\u00e9e.<\/p>\n<p>Il s\u2019agit des ministres du P\u00e9trole, de l\u2019Energie et des Mines, Porte-parole du Gouvernement, M. Nany Ould Chrougha, de l\u2019Int\u00e9rieur et de la D\u00e9centralisation, M. Mohamed Ahmed Ould Mohamed Lemine et de la Transformation num\u00e9rique, de l\u2019Innovation et de la Modernisation de l\u2019administration, M. Mohamed Abdellahi Louly.<\/p>\n<p><img decoding=\"async\" class=\"wp-image-238318 alignleft\" src=\"https:\/\/ami.mr\/fr\/wp-content\/uploads\/2024\/01\/AI8A3499-300x231.jpg\" alt=\"\" width=\"244\" height=\"188\" srcset=\"https:\/\/ami.mr\/fr\/wp-content\/uploads\/2024\/01\/AI8A3499-300x231.jpg 300w, https:\/\/ami.mr\/fr\/wp-content\/uploads\/2024\/01\/AI8A3499-1024x787.jpg 1024w, https:\/\/ami.mr\/fr\/wp-content\/uploads\/2024\/01\/AI8A3499-768x590.jpg 768w, https:\/\/ami.mr\/fr\/wp-content\/uploads\/2024\/01\/AI8A3499-1536x1181.jpg 1536w, https:\/\/ami.mr\/fr\/wp-content\/uploads\/2024\/01\/AI8A3499-2048x1574.jpg 2048w\" sizes=\"(max-width: 244px) 100vw, 244px\" \/>Dans son intervention, le porte-parole du Gouvernement a indiqu\u00e9 que le conseil des ministres a examin\u00e9 et adopt\u00e9 plusieurs projets de loi, de d\u00e9cret et de communications, dont trois projets de d\u00e9cret abrogeant et rempla\u00e7ant certaines dispositions des d\u00e9crets portant sur l\u2019institution et fixant les conditions de d\u00e9livrance de trois titres s\u00e9curis\u00e9s \u00e0 savoir: la carte d\u2019identification nationale, les passeports et les documents de s\u00e9jour pour \u00e9trangers, et un projet de d\u00e9cret portant modification de certaines dispositions du d\u00e9cret r\u00e9gissant les activit\u00e9s des t\u00e9l\u00e9communications \u00e9lectroniques et les conditions de remise des licences.<\/p>\n<p>Commentant les trois projets de d\u00e9crets instituant les titres s\u00e9curis\u00e9s, le ministre de l\u2019Int\u00e9rieur et de la D\u00e9centralisation a d\u00e9clar\u00e9 que les modifications apport\u00e9es \u00e0 ceux-ci, s\u2019inscrivent dans le cadre de la transition du syst\u00e8me biom\u00e9trique en vigueur suivant lequel, les demandes d\u2019\u00e9tablissement sont faites <img decoding=\"async\" class=\"wp-image-238319 alignleft\" src=\"https:\/\/ami.mr\/fr\/wp-content\/uploads\/2024\/01\/AI8A3512-300x275.jpg\" alt=\"\" width=\"243\" height=\"223\" srcset=\"https:\/\/ami.mr\/fr\/wp-content\/uploads\/2024\/01\/AI8A3512-300x275.jpg 300w, https:\/\/ami.mr\/fr\/wp-content\/uploads\/2024\/01\/AI8A3512-1024x938.jpg 1024w, https:\/\/ami.mr\/fr\/wp-content\/uploads\/2024\/01\/AI8A3512-768x704.jpg 768w, https:\/\/ami.mr\/fr\/wp-content\/uploads\/2024\/01\/AI8A3512-1536x1407.jpg 1536w, https:\/\/ami.mr\/fr\/wp-content\/uploads\/2024\/01\/AI8A3512-2048x1876.jpg 2048w\" sizes=\"(max-width: 243px) 100vw, 243px\" \/>uniquement aupr\u00e8s des centres d\u2019accueil des citoyens, \u00e0 un syst\u00e8me num\u00e9rique permettant la demande d\u2019\u00e9tablissement de ces titres \u00e0 distance, tout en conservant le choix des proc\u00e9dures en termes de pr\u00e9sence physique aux centres d\u2019accueil.<\/p>\n<p>Il a ajout\u00e9 que les d\u00e9crets s\u2019inscrivent \u00e9galement dans le cadre du programme \u2018\u2019Houwiyeti\u2019\u2019, (mon identit\u00e9) lanc\u00e9 par Son Excellence le Pr\u00e9sident de la R\u00e9publique qui permettra aux citoyens de pr\u00e9senter leurs demandes d\u2019obtention des diff\u00e9rents titres s\u00e9curis\u00e9s depuis n\u2019importe quel point du monde, \u00e0 travers une application accessible \u00e0 tous.<\/p>\n<p>S\u2019agissant des modifications apport\u00e9es \u00e0 la d\u00e9livrance de la carte de s\u00e9jour pour les \u00e9trangers, le ministre de l\u2019Int\u00e9rieur a indiqu\u00e9 que la dur\u00e9e de validit\u00e9 de celle-ci a \u00e9t\u00e9 fix\u00e9e \u00e0 cinq ans au lieu d\u2019un an, compte tenu de ce qui est en vigueur dans la plupart des pays qui entretiennent des relations avec la Mauritanie dans ce domaine, o\u00f9 la dur\u00e9e de la carte varie d\u2019un an \u00e0 dix ans.<\/p>\n<p>Interpell\u00e9 par rapport \u00e0 des revendications portant sur l\u2019autorisation de certains partis politiques, le ministre a fait savoir qu\u2019un atelier multipartite sera organis\u00e9 \u00e0 cet effet au cours des prochaines semaines, auquel participeront l\u2019ensemble des acteurs politiques, ainsi que les m\u00e9dias, et la soci\u00e9t\u00e9 civile, soulignant dans ce sens l\u2019engagement du gouvernement quant au respect de la libert\u00e9 des individus.<\/p>\n<p><img decoding=\"async\" class=\"wp-image-238320 alignleft\" src=\"https:\/\/ami.mr\/fr\/wp-content\/uploads\/2024\/01\/AI8A3493-300x212.jpg\" alt=\"\" width=\"251\" height=\"177\" srcset=\"https:\/\/ami.mr\/fr\/wp-content\/uploads\/2024\/01\/AI8A3493-300x212.jpg 300w, https:\/\/ami.mr\/fr\/wp-content\/uploads\/2024\/01\/AI8A3493-1024x724.jpg 1024w, https:\/\/ami.mr\/fr\/wp-content\/uploads\/2024\/01\/AI8A3493-768x543.jpg 768w, https:\/\/ami.mr\/fr\/wp-content\/uploads\/2024\/01\/AI8A3493-1536x1086.jpg 1536w, https:\/\/ami.mr\/fr\/wp-content\/uploads\/2024\/01\/AI8A3493-2048x1448.jpg 2048w\" sizes=\"(max-width: 251px) 100vw, 251px\" \/>De son c\u00f4t\u00e9, le ministre de la Transformation num\u00e9rique, de l\u2019Innovation et de la Modernisation de l\u2019Administration, a d\u00e9clar\u00e9 que le projet de d\u00e9cret modifiant certaines dispositions du d\u00e9cret pr\u00e9c\u00e9dent relatif aux activit\u00e9s des communications \u00e9lectroniques et aux proc\u00e9dures d\u2019octroi des licences et autorisations, vise \u00e0 simplifier et \u00e0 all\u00e9ger la proc\u00e9dure en mati\u00e8re d\u2019octroi des licences g\u00e9n\u00e9rales en d\u00e9finissant les pouvoirs de l\u2019Autorit\u00e9 de R\u00e9gulation en ce qui concerne la d\u00e9claration pr\u00e9alable n\u00e9cessaire pour l\u2019obtention d\u2019une licence g\u00e9n\u00e9rale.<\/p>\n<p>Il a ajout\u00e9 que le projet vise \u00e9galement \u00e0 compenser le d\u00e9ficit existant en ce qui concerne les d\u00e9lais fix\u00e9s pour le paiement de l\u2019indemnit\u00e9 financi\u00e8re en cas de renouvellement de la licence individuelle. Il permettra \u00e9galement \u00e0 l\u2019Autorit\u00e9 de R\u00e9gulation d\u2019exiger une garantie bancaire lors de la premi\u00e8re demande des titulaires de licences individuelles pour l\u2019octroi ou le renouvellement de celle-ci.<\/p>\n<p>Il a indiqu\u00e9 que l\u2019un des objectifs du projet est de garantir le paiement effectif de l\u2019indemnit\u00e9 financi\u00e8re dans tous les cas, que ce soit par le titulaire de la licence individuelle ou en cas de retard ou d\u2019absence de paiement.<\/p>\n<p>R\u00e9agissant \u00e0 une question supposant qu\u2019un march\u00e9 de gr\u00e9 \u00e0 gr\u00e9 a \u00e9t\u00e9 conclu dans le domaine des t\u00e9l\u00e9communications au b\u00e9n\u00e9fice de la soci\u00e9t\u00e9 \u201cHuawei\u201d, M. Ould Louly a confirm\u00e9 que l\u2019accord en question est conforme aux r\u00e8gles en vigueur r\u00e9gissant les march\u00e9s publics, soulignant qu\u2019une fois les conditions techniques et juridiques requises sont remplies, l\u2019Autorit\u00e9 de R\u00e9gulation peut conclure l\u2019accord conform\u00e9ment \u00e0 ses comp\u00e9tences.<\/p>\n","protected":false},"excerpt":{"rendered":"<p>Des membres du Gouvernement ont comment\u00e9, mercredi apr\u00e8s-midi, les r\u00e9sultats du Conseil des Ministres tenu t\u00f4t dans la matin\u00e9e. Il s\u2019agit des ministres du P\u00e9trole, de l\u2019Energie et des Mines, Porte-parole du Gouvernement, M. Nany Ould Chrougha, de l\u2019Int\u00e9rieur et de la D\u00e9centralisation, M. Mohamed Ahmed Ould Mohamed Lemine et de la Transformation num\u00e9rique, de [&hellip;]<\/p>\n","protected":false},"author":13,"featured_media":238317,"comment_status":"open","ping_status":"open","sticky":false,"template":"","format":"standard","meta":{"footnotes":""},"categories":[63919,63957,63959,63921,63927],"tags":[],"class_list":["post-238299","post","type-post","status-publish","format-standard","has-post-thumbnail","hentry","category-choix-du-redacteur","category-fil-dactualite","category-mauritanie","category-slider-afficher","category-slider-mauritanie"],"_links":{"self":[{"href":"https:\/\/ami.mr\/fr\/wp-json\/wp\/v2\/posts\/238299","targetHints":{"allow":["GET"]}}],"collection":[{"href":"https:\/\/ami.mr\/fr\/wp-json\/wp\/v2\/posts"}],"about":[{"href":"https:\/\/ami.mr\/fr\/wp-json\/wp\/v2\/types\/post"}],"author":[{"embeddable":true,"href":"https:\/\/ami.mr\/fr\/wp-json\/wp\/v2\/users\/13"}],"replies":[{"embeddable":true,"href":"https:\/\/ami.mr\/fr\/wp-json\/wp\/v2\/comments?post=238299"}],"version-history":[{"count":2,"href":"https:\/\/ami.mr\/fr\/wp-json\/wp\/v2\/posts\/238299\/revisions"}],"predecessor-version":[{"id":238352,"href":"https:\/\/ami.mr\/fr\/wp-json\/wp\/v2\/posts\/238299\/revisions\/238352"}],"wp:featuredmedia":[{"embeddable":true,"href":"https:\/\/ami.mr\/fr\/wp-json\/wp\/v2\/media\/238317"}],"wp:attachment":[{"href":"https:\/\/ami.mr\/fr\/wp-json\/wp\/v2\/media?parent=238299"}],"wp:term":[{"taxonomy":"category","embeddable":true,"href":"https:\/\/ami.mr\/fr\/wp-json\/wp\/v2\/categories?post=238299"},{"taxonomy":"post_tag","embeddable":true,"href":"https:\/\/ami.mr\/fr\/wp-json\/wp\/v2\/tags?post=238299"}],"curies":[{"name":"wp","href":"https:\/\/api.w.org\/{rel}","templated":true}]}}