{"id":238219,"date":"2024-01-16T17:39:54","date_gmt":"2024-01-16T17:39:54","guid":{"rendered":"https:\/\/ami.mr\/fr\/?p=238219"},"modified":"2024-01-16T22:11:21","modified_gmt":"2024-01-16T22:11:21","slug":"le-president-de-la-republique-recoit-une-delegation-de-la-banque-mondiale-3","status":"publish","type":"post","link":"https:\/\/ami.mr\/fr\/archives\/238219","title":{"rendered":"Le Pr\u00e9sident de la R\u00e9publique re\u00e7oit une d\u00e9l\u00e9gation de la Banque Mondiale"},"content":{"rendered":"<div class=\"row\">\n<div class=\"cell auto-size\">\n<div class=\"set-border bd-gray padding10 margin10 no-margin-right no-margin-left \" dir=\"ltr\">\n<p>Son Excellence M. Mohamed Ould Cheikh El Ghazouani, Pr\u00e9sident de la R\u00e9publique, a re\u00e7u mardi en audience au Palais pr\u00e9sidentiel \u00e0 Nouakchott une d\u00e9l\u00e9gation de la Banque Mondiale, conduite par M. Ousmane Diagana, Vice-pr\u00e9sident de la Banque pour l\u2019Afrique de l\u2019Ouest et du centre.<\/p>\n<p>L\u2019entrevue a \u00e9t\u00e9 l\u2019occasion d\u2019aborder les domaines de coop\u00e9ration entre la Mauritanie et cette institution financi\u00e8re internationale et les moyens de la renforcer et de la d\u00e9velopper pour servir le d\u00e9veloppement \u00e9conomique de notre pays.<\/p>\n<p>A l\u2019issue de la rencontre, le Vice-Pr\u00e9sident de la Banque Mondiale pour l\u2019Afrique de l\u2019Ouest et du Centre a fait une d\u00e9claration dans laquelle il s\u2019est dit honor\u00e9 par l\u2019audience qui lui a \u00e9t\u00e9 accord\u00e9e par Son Excellence le Pr\u00e9sident de la R\u00e9publique, M. Mohamed Ould Cheikh El Ghazouani, une occasion d\u2019\u00e9valuer le partenariat entre la Mauritanie et la Banque Mondiale.<\/p>\n<p>Il a expliqu\u00e9 que ce partenariat remonte \u00e0 1964 et que les financements de la Banque mondiale au cours de cette p\u00e9riode englobaient des secteurs de d\u00e9veloppement comme l\u2019agriculture, l\u2019\u00e9nergie, le d\u00e9veloppement humain entre autres.<\/p>\n<p>M. Diagana a ajout\u00e9 que la rencontre avec Son Excellence Monsieur le Pr\u00e9sident de la R\u00e9publique a \u00e9t\u00e9 une opportunit\u00e9 pour \u00e9changer sur l\u2019agenda de la Mauritanie en mati\u00e8re de d\u00e9veloppement \u00e9conomique et social, qui est renforc\u00e9 par les \u00e9normes capacit\u00e9s dont dispose la Mauritanie, qui n\u00e9cessite un appui financier et technique du Groupe de la Banque mondiale.<\/p>\n<p>L\u2019entrevue s\u2019est d\u00e9roul\u00e9e en pr\u00e9sence du ministre en charge du Cabinet du Pr\u00e9sident de la R\u00e9publique, M. Moktar Diay, et du ministre de l\u2019\u00c9conomie et du D\u00e9veloppement Durable M. Abdessalam Ould Mohamed Saleh ainsi que du conseiller du Pr\u00e9sident de la R\u00e9publique, M. Sid Ahmed Ould Bouh.<\/p>\n<\/div>\n<\/div>\n<\/div>\n","protected":false},"excerpt":{"rendered":"<p>Son Excellence M. Mohamed Ould Cheikh El Ghazouani, Pr\u00e9sident de la R\u00e9publique, a re\u00e7u mardi en audience au Palais pr\u00e9sidentiel \u00e0 Nouakchott une d\u00e9l\u00e9gation de la Banque Mondiale, conduite par M. Ousmane Diagana, Vice-pr\u00e9sident de la Banque pour l\u2019Afrique de l\u2019Ouest et du centre. L\u2019entrevue a \u00e9t\u00e9 l\u2019occasion d\u2019aborder les domaines de coop\u00e9ration entre la [&hellip;]<\/p>\n","protected":false},"author":8,"featured_media":238221,"comment_status":"open","ping_status":"open","sticky":false,"template":"","format":"standard","meta":{"footnotes":""},"categories":[63957,25,63921,63926],"tags":[],"class_list":["post-238219","post","type-post","status-publish","format-standard","has-post-thumbnail","hentry","category-fil-dactualite","category-25","category-slider-afficher","category-slider-general"],"_links":{"self":[{"href":"https:\/\/ami.mr\/fr\/wp-json\/wp\/v2\/posts\/238219","targetHints":{"allow":["GET"]}}],"collection":[{"href":"https:\/\/ami.mr\/fr\/wp-json\/wp\/v2\/posts"}],"about":[{"href":"https:\/\/ami.mr\/fr\/wp-json\/wp\/v2\/types\/post"}],"author":[{"embeddable":true,"href":"https:\/\/ami.mr\/fr\/wp-json\/wp\/v2\/users\/8"}],"replies":[{"embeddable":true,"href":"https:\/\/ami.mr\/fr\/wp-json\/wp\/v2\/comments?post=238219"}],"version-history":[{"count":3,"href":"https:\/\/ami.mr\/fr\/wp-json\/wp\/v2\/posts\/238219\/revisions"}],"predecessor-version":[{"id":238258,"href":"https:\/\/ami.mr\/fr\/wp-json\/wp\/v2\/posts\/238219\/revisions\/238258"}],"wp:featuredmedia":[{"embeddable":true,"href":"https:\/\/ami.mr\/fr\/wp-json\/wp\/v2\/media\/238221"}],"wp:attachment":[{"href":"https:\/\/ami.mr\/fr\/wp-json\/wp\/v2\/media?parent=238219"}],"wp:term":[{"taxonomy":"category","embeddable":true,"href":"https:\/\/ami.mr\/fr\/wp-json\/wp\/v2\/categories?post=238219"},{"taxonomy":"post_tag","embeddable":true,"href":"https:\/\/ami.mr\/fr\/wp-json\/wp\/v2\/tags?post=238219"}],"curies":[{"name":"wp","href":"https:\/\/api.w.org\/{rel}","templated":true}]}}