{"id":238216,"date":"2024-01-16T17:14:40","date_gmt":"2024-01-16T17:14:40","guid":{"rendered":"https:\/\/ami.mr\/fr\/?p=238216"},"modified":"2024-01-17T10:59:34","modified_gmt":"2024-01-17T10:59:34","slug":"la-commission-des-relations-exterieures-discute-de-la-charte-africaine-de-la-securite-routiere","status":"publish","type":"post","link":"https:\/\/ami.mr\/fr\/archives\/238216","title":{"rendered":"La Commission des relations ext\u00e9rieures discute de la Charte africaine de la s\u00e9curit\u00e9 routi\u00e8re"},"content":{"rendered":"<div class=\"row\"><\/div>\n<div class=\"row\">\n<div class=\"cell auto-size\">\n<div class=\"set-border bd-gray padding10 margin10 no-margin-right no-margin-left \" dir=\"ltr\">\n<p>La Commission des relations ext\u00e9rieures de l\u2019Assembl\u00e9e nationale a consacr\u00e9 sa r\u00e9union tenue, mardi, sous la pr\u00e9sident M. Mokhtar Khlifa, pr\u00e9sident de la Commission.<\/p>\n<p>Cette session a \u00e9t\u00e9 consacr\u00e9e \u00e0 l\u2019examen d\u2019un projet de loi sur la Charte africaine de la s\u00e9curit\u00e9 routi\u00e8re adopt\u00e9e par la 26\u00e8me session ordinaire de la Conf\u00e9rence tenue les 30 et 31 janvier 2016 \u00e0 Addis-Baba, en Ethiopie.<\/p>\n<p>Au cours de la r\u00e9union, la Commission a \u00e9cour\u00e9 une pr\u00e9sentation faite par le ministre de l\u2019Equipement et des Transports, M. Mohamed Ali Ould Sid Mohamed, dans laquelle il a pass\u00e9 en revue l\u2019essentiel des dispositions du projet de loi, notant que l\u2019un des objectifs de la Charte africaine de la s\u00e9curit\u00e9 routi\u00e8re est de former un cadre politique pour am\u00e9liorer la s\u00e9curit\u00e9 routi\u00e8re en Afrique.<\/p>\n<\/div>\n<\/div>\n<\/div>\n","protected":false},"excerpt":{"rendered":"<p>La Commission des relations ext\u00e9rieures de l\u2019Assembl\u00e9e nationale a consacr\u00e9 sa r\u00e9union tenue, mardi, sous la pr\u00e9sident M. Mokhtar Khlifa, pr\u00e9sident de la Commission. Cette session a \u00e9t\u00e9 consacr\u00e9e \u00e0 l\u2019examen d\u2019un projet de loi sur la Charte africaine de la s\u00e9curit\u00e9 routi\u00e8re adopt\u00e9e par la 26\u00e8me session ordinaire de la Conf\u00e9rence tenue les 30 [&hellip;]<\/p>\n","protected":false},"author":8,"featured_media":238217,"comment_status":"open","ping_status":"open","sticky":false,"template":"","format":"standard","meta":{"footnotes":""},"categories":[63918,63957,63959],"tags":[],"class_list":["post-238216","post","type-post","status-publish","format-standard","has-post-thumbnail","hentry","category-autres","category-fil-dactualite","category-mauritanie"],"_links":{"self":[{"href":"https:\/\/ami.mr\/fr\/wp-json\/wp\/v2\/posts\/238216","targetHints":{"allow":["GET"]}}],"collection":[{"href":"https:\/\/ami.mr\/fr\/wp-json\/wp\/v2\/posts"}],"about":[{"href":"https:\/\/ami.mr\/fr\/wp-json\/wp\/v2\/types\/post"}],"author":[{"embeddable":true,"href":"https:\/\/ami.mr\/fr\/wp-json\/wp\/v2\/users\/8"}],"replies":[{"embeddable":true,"href":"https:\/\/ami.mr\/fr\/wp-json\/wp\/v2\/comments?post=238216"}],"version-history":[{"count":1,"href":"https:\/\/ami.mr\/fr\/wp-json\/wp\/v2\/posts\/238216\/revisions"}],"predecessor-version":[{"id":238218,"href":"https:\/\/ami.mr\/fr\/wp-json\/wp\/v2\/posts\/238216\/revisions\/238218"}],"wp:featuredmedia":[{"embeddable":true,"href":"https:\/\/ami.mr\/fr\/wp-json\/wp\/v2\/media\/238217"}],"wp:attachment":[{"href":"https:\/\/ami.mr\/fr\/wp-json\/wp\/v2\/media?parent=238216"}],"wp:term":[{"taxonomy":"category","embeddable":true,"href":"https:\/\/ami.mr\/fr\/wp-json\/wp\/v2\/categories?post=238216"},{"taxonomy":"post_tag","embeddable":true,"href":"https:\/\/ami.mr\/fr\/wp-json\/wp\/v2\/tags?post=238216"}],"curies":[{"name":"wp","href":"https:\/\/api.w.org\/{rel}","templated":true}]}}