{"id":238086,"date":"2024-01-13T14:32:50","date_gmt":"2024-01-13T14:32:50","guid":{"rendered":"https:\/\/ami.mr\/fr\/?p=238086"},"modified":"2024-01-13T14:32:50","modified_gmt":"2024-01-13T14:32:50","slug":"arrivee-de-81-nouveaux-touristes-a-atar","status":"publish","type":"post","link":"https:\/\/ami.mr\/fr\/archives\/238086","title":{"rendered":"Arriv\u00e9e de 81 nouveaux touristes \u00e0 Atar"},"content":{"rendered":"<p>Le quatri\u00e8me charter en provenance de France avec \u00e0 son bord 81 touristes de diverses nationalit\u00e9s europ\u00e9ennes est arriv\u00e9 ce samedi \u00e0 Atar, wilaya de l\u2019Adrar.<\/p>\n<p>Ce nouveau vol entre dans le cadre du programme de la saison touristique 2023-2024.<\/p>\n<p>Les nouveaux ont \u00e9t\u00e9 accueillis \u00e0 l\u2019a\u00e9roport international de la ville d\u2019Atar par les repr\u00e9sentants de l\u2019Office national du Tourisme (ONT), de l\u2019Agence nationale de l\u2019Aviation civile, de la gendarmerie nationale, de la police et de la douane, et par une \u00e9quipe m\u00e9dicale.<\/p>\n","protected":false},"excerpt":{"rendered":"<p>Le quatri\u00e8me charter en provenance de France avec \u00e0 son bord 81 touristes de diverses nationalit\u00e9s europ\u00e9ennes est arriv\u00e9 ce samedi \u00e0 Atar, wilaya de l\u2019Adrar. Ce nouveau vol entre dans le cadre du programme de la saison touristique 2023-2024. Les nouveaux ont \u00e9t\u00e9 accueillis \u00e0 l\u2019a\u00e9roport international de la ville d\u2019Atar par les repr\u00e9sentants [&hellip;]<\/p>\n","protected":false},"author":16,"featured_media":238087,"comment_status":"open","ping_status":"open","sticky":false,"template":"","format":"standard","meta":{"footnotes":""},"categories":[63918,63957,8672],"tags":[],"class_list":["post-238086","post","type-post","status-publish","format-standard","has-post-thumbnail","hentry","category-autres","category-fil-dactualite","category-8672"],"_links":{"self":[{"href":"https:\/\/ami.mr\/fr\/wp-json\/wp\/v2\/posts\/238086","targetHints":{"allow":["GET"]}}],"collection":[{"href":"https:\/\/ami.mr\/fr\/wp-json\/wp\/v2\/posts"}],"about":[{"href":"https:\/\/ami.mr\/fr\/wp-json\/wp\/v2\/types\/post"}],"author":[{"embeddable":true,"href":"https:\/\/ami.mr\/fr\/wp-json\/wp\/v2\/users\/16"}],"replies":[{"embeddable":true,"href":"https:\/\/ami.mr\/fr\/wp-json\/wp\/v2\/comments?post=238086"}],"version-history":[{"count":1,"href":"https:\/\/ami.mr\/fr\/wp-json\/wp\/v2\/posts\/238086\/revisions"}],"predecessor-version":[{"id":238088,"href":"https:\/\/ami.mr\/fr\/wp-json\/wp\/v2\/posts\/238086\/revisions\/238088"}],"wp:featuredmedia":[{"embeddable":true,"href":"https:\/\/ami.mr\/fr\/wp-json\/wp\/v2\/media\/238087"}],"wp:attachment":[{"href":"https:\/\/ami.mr\/fr\/wp-json\/wp\/v2\/media?parent=238086"}],"wp:term":[{"taxonomy":"category","embeddable":true,"href":"https:\/\/ami.mr\/fr\/wp-json\/wp\/v2\/categories?post=238086"},{"taxonomy":"post_tag","embeddable":true,"href":"https:\/\/ami.mr\/fr\/wp-json\/wp\/v2\/tags?post=238086"}],"curies":[{"name":"wp","href":"https:\/\/api.w.org\/{rel}","templated":true}]}}