{"id":238056,"date":"2024-01-12T21:19:21","date_gmt":"2024-01-12T21:19:21","guid":{"rendered":"https:\/\/ami.mr\/fr\/?p=238056"},"modified":"2024-01-12T21:19:21","modified_gmt":"2024-01-12T21:19:21","slug":"la-conference-pour-la-paix-une-locomotive-vers-un-monde-qui-rayonne-de-securite-et-de-paix-loin-des-expressions-dexces-et-d-dextremisme","status":"publish","type":"post","link":"https:\/\/ami.mr\/fr\/archives\/238056","title":{"rendered":"La Conf\u00e9rence pour la Paix&#8230;une locomotive vers un monde qui rayonne de s\u00e9curit\u00e9 et de paix, loin des expressions d\u2019exc\u00e8s et d\u2019 d&#8217;extr\u00e9misme"},"content":{"rendered":"<p><img decoding=\"async\" class=\"size-medium wp-image-238061 alignleft\" src=\"https:\/\/ami.mr\/fr\/wp-content\/uploads\/2024\/01\/99-11-300x200.jpg\" alt=\"\" width=\"300\" height=\"200\" srcset=\"https:\/\/ami.mr\/fr\/wp-content\/uploads\/2024\/01\/99-11-300x200.jpg 300w, https:\/\/ami.mr\/fr\/wp-content\/uploads\/2024\/01\/99-11-1024x683.jpg 1024w, https:\/\/ami.mr\/fr\/wp-content\/uploads\/2024\/01\/99-11-768x512.jpg 768w, https:\/\/ami.mr\/fr\/wp-content\/uploads\/2024\/01\/99-11-1536x1024.jpg 1536w, https:\/\/ami.mr\/fr\/wp-content\/uploads\/2024\/01\/99-11-2048x1365.jpg 2048w\" sizes=\"(max-width: 300px) 100vw, 300px\" \/>Les rideaux de la quatri\u00e8me Conf\u00e9rence africaine pour la paix sont tomb\u00e9s, hier jeudi soir, au Palais des congr\u00e8s El Mourabitounes \u00e0 Nouakchott, apr\u00e8s trois jours d\u2019intenses discussions et riches concertations, entre des centaines de participants venus de divers pays, dont des ministres des Affaires religieuses, des ambassadeurs, des muftis, des universitaires, des juges, des chefs religieux, des penseurs et universitaires, des parlementaires et des repr\u00e9sentants d&#8217;organisations islamiques et internationales.<\/p>\n<p>Plusieurs ateliers enti\u00e8rement ax\u00e9s sur l&#8217;importance de l&#8217;\u00e9ducation traditionnelle dans le continent africain et les ponts de communication, le r\u00f4le de l&#8217;\u00e9ducation dans la s\u00e9curit\u00e9 intellectuelle et la lutte contre l&#8217;extr\u00e9misme, la cr\u00e9ation de la paix civile et sa r\u00e9alit\u00e9 dans le contexte de l\u2019\u00c9tat national, la mondialisation, les m\u00e9canismes de son int\u00e9gration et sa coop\u00e9ration avec l\u2019\u00e9ducation moderne, en plus des d\u00e9fis auxquels est confront\u00e9e sa durabilit\u00e9, ont \u00e9t\u00e9 organis\u00e9s dans le cadre de cette conf\u00e9rence.<\/p>\n<p>Partant du fait que la paix est le v\u00e9ritable garant de tous les droits et la strat\u00e9gie s\u00fbre pour cr\u00e9er un avenir de prosp\u00e9rit\u00e9 et d&#8217;harmonie, les s\u00e9minaires de la Conf\u00e9rence africaine pour la promotion de la paix, dont l&#8217;ouverture a \u00e9t\u00e9 supervis\u00e9e le 9 janvier courant, par Son Excellence le Pr\u00e9sident de la R\u00e9publique, Monsieur Mohamed Ould Cheikh El-Ghazouani, avaient constitu\u00e9 un large espace pour enrichir les id\u00e9es. En effet, l\u2019\u00e9v\u00e8nement a servi de terrain propice pour approfondir le dialogue sur l&#8217;\u00e9ducation ancienne, en tant que pionni\u00e8re dans la repr\u00e9sentation des valeurs, le renforcement des nations et la diffusion des principes de la science et de la paix.<\/p>\n<p>Afin de mettre en \u0153uvre les r\u00e9sultats de la D\u00e9claration historique de Nouakchott 2020, qui recommandait la protection des institutions traditionnelles, telles que les \u00e9coles locales et les zawiyas et la redynamisation de leur r\u00f4le efficace dans le renforcement du tissu social, la pr\u00e9servation de l&#8217;identit\u00e9 religieuse et culturelle et le renforcement des liens de parent\u00e9 et de voisinage dans les soci\u00e9t\u00e9s africaines, le th\u00e8me de la rencontre de cette ann\u00e9e \u00e9tait \u00ab l\u2019enseignement originel en Afrique : sciences et paix \u00bb.<\/p>\n<p>Un sujet choisi afin de mettre en exergue le r\u00f4le que les centres et les \u00e9coles anciennes ont jou\u00e9 \u00e0 travers les \u00e2ges dans la diffusion de la science et du savoir sur le continent. C\u2019\u00e9tait aussi l\u2019occasion de louer les efforts qu&#8217;ils ont d\u00e9ploy\u00e9s pour instaurer la paix soci\u00e9tale, l&#8217;harmonie entre les diff\u00e9rents segments des communaut\u00e9s locales et l\u2019examen des voies et moyens de perdurer les efforts de paix dans le pr\u00e9sent et l&#8217;avenir.<\/p>\n<p>Les participants \u00e0 la Conf\u00e9rence ont sanctionn\u00e9 leurs travaux par une d\u00e9claration comprenant un ensemble de propositions et de recommandations, qui ont commenc\u00e9 par d\u00e9finir les exp\u00e9riences \u00e9ducatives positives et r\u00e9ussies dans les anciens \u00e9tablissements d&#8217;enseignement \u00e0 travers le continent africain, en leur qualit\u00e9 d\u2019incubateurs de science et de paix, encourageant la cr\u00e9ation des Aoughavs locales et gouvernementales pour soutenir les \u00e9tudiants et les universitaires, et appelant au renforcement du lien entre l&#8217;\u00e9ducation ancienne et l&#8217;\u00e9ducation publique en Afrique, en termes d&#8217;accr\u00e9ditation de ses programmes.<\/p>\n<p>A cela s\u2019ajoute, le travail engag\u00e9 pour offrir des opportunit\u00e9s d&#8217;emploi aux dipl\u00f4m\u00e9s de l&#8217;\u00e9ducation ancienne.<\/p>\n<p>Les participants ont \u00e9galement recommand\u00e9 de valoriser les acquis de l&#8217;\u00e9ducation ancienne en offrant des bourses de recherche acad\u00e9mique dans les grandes universit\u00e9s, pour d\u00e9velopper les comp\u00e9tences des \u00e9tudiants, les sensibiliser, investir dans leurs connaissances de mani\u00e8re adapt\u00e9e \u00e0 leur \u00e9poque.<\/p>\n<p>Il a \u00e9t\u00e9 \u00e9galement recommander de travailler sur des projets visuels, des documentations audios et \u00e9crites des anciennes institutions \u00e9ducatives, du renforcement des partenariats et des accords avec les institutions , les organisations \u00e9ducatives internationales et les donateurs, pour acc\u00e9der aux ressources, \u00e0 l&#8217;expertise et au soutien pour les initiatives \u00e9ducatives anciennes sur le continent.<\/p>\n<p>Le renforcement et la redynamisation du r\u00f4le des jeunes et des femmes dans l\u2019av\u00e8nement de la paix locale et la coordination avec des universit\u00e9s prestigieuses du continent pour organiser une s\u00e9rie de s\u00e9minaires et d&#8217;ateliers acad\u00e9miques afin d&#8217;approfondir la recherche scientifique sur les concepts de paix et de coexistence entre les diff\u00e9rentes composantes de la soci\u00e9t\u00e9 font aussi partie des propositions faites.<\/p>\n<p>L\u2019Agence Mauritanienne d\u2019Information (AMI) a recueilli en marge de la c\u00e9r\u00e9monie de cl\u00f4ture des travaux de cette conf\u00e9rence, les impressions de certains participants, dont le professeur des <img decoding=\"async\" class=\" wp-image-238058 alignleft\" src=\"https:\/\/ami.mr\/fr\/wp-content\/uploads\/2024\/01\/AI8A2685-300x292.jpg\" alt=\"\" width=\"191\" height=\"186\" srcset=\"https:\/\/ami.mr\/fr\/wp-content\/uploads\/2024\/01\/AI8A2685-300x292.jpg 300w, https:\/\/ami.mr\/fr\/wp-content\/uploads\/2024\/01\/AI8A2685-768x747.jpg 768w, https:\/\/ami.mr\/fr\/wp-content\/uploads\/2024\/01\/AI8A2685.jpg 800w\" sizes=\"(max-width: 191px) 100vw, 191px\" \/>religions et des rites et ancien doyen de la Facult\u00e9 de la Daoua islamique de l&#8217;Universit\u00e9 El Ezhar, M. Ahmed Hussein Mohamed Brahim.<\/p>\n<p>Cette conf\u00e9rence est consid\u00e9r\u00e9e comme l&#8217;une des rares du genre, en raison de son r\u00f4le essentiel dans la promotion de la paix et le renforcement de ses liens, en particulier dans sa quatri\u00e8me \u00e9dition, centr\u00e9e sur l&#8217;\u00e9ducation ancienne, qui a form\u00e9 des promotions de g\u00e9n\u00e9rations d&#8217;\u00e9rudits tout au long de l&#8217;histoire de la nation islamique, a-t-il dit.<\/p>\n<p>La conf\u00e9rence dans sa version actuelle a mis la main sur la blessure, puisque l\u2019Afrique a encore besoin d\u2019\u00eatre regard\u00e9e en profondeur pour construire des ponts de communication entre les musulmans en g\u00e9n\u00e9ral et les non-arabophones en particulier, afin de transmettre le message, a-t-il ajout\u00e9<\/p>\n<p>Cette conf\u00e9rence est d\u2019une grande importance, en raison de son th\u00e8me d\u2019actualit\u00e9 \u00ab L\u2019enseignement originel en Afrique : sciences et paix \u00bb, , qui est la mahadra originelle \u00e0 travers laquelle les Chenaghitta se sont habitu\u00e9s \u00e0 la transmission de l&#8217;enseignement en plus de la caract\u00e9ristique qui distingue les universitaires <img decoding=\"async\" class=\" wp-image-238059 alignleft\" src=\"https:\/\/ami.mr\/fr\/wp-content\/uploads\/2024\/01\/AI8A2689-290x300.jpg\" alt=\"\" width=\"205\" height=\"212\" srcset=\"https:\/\/ami.mr\/fr\/wp-content\/uploads\/2024\/01\/AI8A2689-290x300.jpg 290w, https:\/\/ami.mr\/fr\/wp-content\/uploads\/2024\/01\/AI8A2689-768x794.jpg 768w, https:\/\/ami.mr\/fr\/wp-content\/uploads\/2024\/01\/AI8A2689.jpg 800w\" sizes=\"(max-width: 205px) 100vw, 205px\" \/>mauritaniens \u00e0 l&#8217;\u00e9tranger, a indiqu\u00e9 quant \u00e0 lui, le professeur au sein de la Mahadra Chinguitiya, M. Sidi El Moktar Ahmed Chenan.<\/p>\n<p>Cette conf\u00e9rence apporte une r\u00e9ponse \u00e0 la r\u00e9alit\u00e9 de la soci\u00e9t\u00e9 mauritanienne et aux m\u00e9canismes dont elle a besoin pour se d\u00e9velopper dans ce domaine, pour combiner l&#8217;\u00e9ducation traditionnelle et moderne, en pr\u00e9servant l&#8217;\u00e9ducation ancienne, a-t-il ajout\u00e9.<\/p>\n<p>La conf\u00e9rence a vu la remise du Prix de la Paix en Afrique de cette ann\u00e9e au Pr\u00e9sident de la R\u00e9publique de Gambie M. Adama Barrow,, en l&#8217;honneur des efforts d\u00e9ploy\u00e9s par son pays pour propager la paix r\u00e9gionale et internationale et le succ\u00e8s r\u00e9alis\u00e9 dans l\u2019ancrage des valeurs de coexistence au sein de la soci\u00e9t\u00e9 avec ses diff\u00e9rentes races.<\/p>\n","protected":false},"excerpt":{"rendered":"<p>Les rideaux de la quatri\u00e8me Conf\u00e9rence africaine pour la paix sont tomb\u00e9s, hier jeudi soir, au Palais des congr\u00e8s El Mourabitounes \u00e0 Nouakchott, apr\u00e8s trois jours d\u2019intenses discussions et riches concertations, entre des centaines de participants venus de divers pays, dont des ministres des Affaires religieuses, des ambassadeurs, des muftis, des universitaires, des juges, des [&hellip;]<\/p>\n","protected":false},"author":13,"featured_media":238057,"comment_status":"open","ping_status":"open","sticky":false,"template":"","format":"standard","meta":{"footnotes":""},"categories":[63920,63919,63957,63959,63927],"tags":[],"class_list":["post-238056","post","type-post","status-publish","format-standard","has-post-thumbnail","hentry","category-a-la-une","category-choix-du-redacteur","category-fil-dactualite","category-mauritanie","category-slider-mauritanie"],"_links":{"self":[{"href":"https:\/\/ami.mr\/fr\/wp-json\/wp\/v2\/posts\/238056","targetHints":{"allow":["GET"]}}],"collection":[{"href":"https:\/\/ami.mr\/fr\/wp-json\/wp\/v2\/posts"}],"about":[{"href":"https:\/\/ami.mr\/fr\/wp-json\/wp\/v2\/types\/post"}],"author":[{"embeddable":true,"href":"https:\/\/ami.mr\/fr\/wp-json\/wp\/v2\/users\/13"}],"replies":[{"embeddable":true,"href":"https:\/\/ami.mr\/fr\/wp-json\/wp\/v2\/comments?post=238056"}],"version-history":[{"count":1,"href":"https:\/\/ami.mr\/fr\/wp-json\/wp\/v2\/posts\/238056\/revisions"}],"predecessor-version":[{"id":238062,"href":"https:\/\/ami.mr\/fr\/wp-json\/wp\/v2\/posts\/238056\/revisions\/238062"}],"wp:featuredmedia":[{"embeddable":true,"href":"https:\/\/ami.mr\/fr\/wp-json\/wp\/v2\/media\/238057"}],"wp:attachment":[{"href":"https:\/\/ami.mr\/fr\/wp-json\/wp\/v2\/media?parent=238056"}],"wp:term":[{"taxonomy":"category","embeddable":true,"href":"https:\/\/ami.mr\/fr\/wp-json\/wp\/v2\/categories?post=238056"},{"taxonomy":"post_tag","embeddable":true,"href":"https:\/\/ami.mr\/fr\/wp-json\/wp\/v2\/tags?post=238056"}],"curies":[{"name":"wp","href":"https:\/\/api.w.org\/{rel}","templated":true}]}}