{"id":237951,"date":"2024-01-11T16:11:58","date_gmt":"2024-01-11T16:11:58","guid":{"rendered":"https:\/\/ami.mr\/fr\/?p=237951"},"modified":"2024-01-11T16:14:38","modified_gmt":"2024-01-11T16:14:38","slug":"le-ministre-de-leconomie-presente-aux-partenaires-le-plan-durgence-relatif-aux-refugies","status":"publish","type":"post","link":"https:\/\/ami.mr\/fr\/archives\/237951","title":{"rendered":"Le ministre de l\u2019Economie pr\u00e9sente aux partenaires le plan d\u2019urgence relatif aux r\u00e9fugi\u00e9s"},"content":{"rendered":"<p>Le ministre de l\u2019Economie et du D\u00e9veloppement durable, M. Abdessalam Mohamed Saleh, a tenu, jeudi \u00e0 Nouakchott, une s\u00e9ance de travail avec les partenaires techniques et financiers, pour examiner et discuter du plan d\u2019urgence multidimensionnel pr\u00e9par\u00e9 par la Mauritanie pour all\u00e9ger les souffrances des r\u00e9fugi\u00e9s.<\/p>\n<p>Le plan vise \u00e0 permettre aux nouveaux arrivants de b\u00e9n\u00e9ficier d\u2019une protection et d\u2019assurer l\u2019acc\u00e8s \u00e0 l\u2019assistance aux plus vuln\u00e9rables, en tenant compte des besoins des communaut\u00e9s d\u2019accueil afin de garantir la coexistence pacifique.<\/p>\n<p>Au cours de la r\u00e9union, un court-m\u00e9trage a \u00e9t\u00e9 projet\u00e9 sur la situation des r\u00e9fugi\u00e9s au Hodh Chargui, en plus d\u2019une pr\u00e9sentation de la situation actuelle suivi du plan d\u2019urgence.<\/p>\n<p>Dans un mot prononc\u00e9 \u00e0 cette occasion, le ministre a indiqu\u00e9 que ce plan prend en compte les diff\u00e9rentes parties prenantes, tout en privil\u00e9giant une approche qui engage les r\u00e9fugi\u00e9s vivant hors du camp de M\u2019berra, ce qui facilitera l\u2019int\u00e9gration des nouveaux r\u00e9fugi\u00e9s dans les communaut\u00e9s d\u2019accueil, r\u00e9duira leur d\u00e9pendance de l\u2019aide humanitaire et renforcera la coh\u00e9sion sociale \u00e0 travers des activit\u00e9s utiles pour tous.<\/p>\n<p>Il a soulign\u00e9 qu\u2019une action de cette ampleur sera mise en \u0153uvre dans un court d\u00e9lai n\u2019exc\u00e9dant pas trois \u00e0 six mois, ce qui n\u00e9cessitera des efforts concert\u00e9s pour fournir des ressources financi\u00e8res d\u2019au moins 12,3 millions de dollars pour couvrir les besoins de protection sociale, de s\u00e9curit\u00e9 alimentaire, de sant\u00e9, d\u2019\u00e9ducation et d\u2019eau potable, en plus d\u2019un appui technique suivant le rythme des diff\u00e9rentes \u00e9tapes de la mise en \u0153uvre de ce plan.<\/p>\n<p>M. le ministre a soulign\u00e9 que les ann\u00e9es 2019 &#8211; 2023 ont connu un doublement du nombre de r\u00e9fugi\u00e9s et de demandeurs d\u2019asile enregistr\u00e9s au Hodh Chargui (de 57 000 \u00e0 112 000 en octobre 2023), en raison de l\u2019instabilit\u00e9 politique et des risques s\u00e9curitaires accrus dans la r\u00e9gion du Sahel.<\/p>\n<p>En effet, la Mauritanie accueille actuellement plus de 120 000 r\u00e9fugi\u00e9s, dont environ 15 000, les femmes et les filles en repr\u00e9sentent 58 % et les enfants 65, arriv\u00e9es dans la seule ann\u00e9e 2023, se sont install\u00e9s au Hodh Chargui.<\/p>\n<p>Il a indiqu\u00e9 que cette situation constitue un d\u00e9fi pour l\u2019Etat dans les domaines de la r\u00e9ponse humanitaire et de d\u00e9veloppement, compte tenu de la pression croissante sur les services de base d\u00e9j\u00e0 limit\u00e9s au niveau de la r\u00e9gion qui accueille le plus grand nombre de r\u00e9fugi\u00e9s, \u00e0 savoir la Wilaya du Hodh Chargui.<\/p>\n<p>Par ailleurs, il a indiqu\u00e9 qu\u2019en r\u00e9ponse \u00e0 cette situation, le gouvernement, avec l\u2019appui de ses partenaires au d\u00e9veloppement, a d\u00e9cid\u00e9 de pr\u00e9parer un plan d\u2019urgence pour faire face \u00e0 cette crise pour renforcer la r\u00e9silience des r\u00e9fugi\u00e9s et les int\u00e9grer dans la vie active, appelant la communaut\u00e9 internationale \u00e0 venir en aide aux r\u00e9fugi\u00e9s qui vivent dans des conditions de pr\u00e9carit\u00e9 extr\u00eame.<\/p>\n<p>De son c\u00f4t\u00e9, la repr\u00e9sentante du Programme alimentaire mondial (PAM), Repr\u00e9sentante par int\u00e9rim des Nations Unies, SE Mme Kendia Samia, a d\u00e9clar\u00e9 que les crises humanitaires affectent, \u00e9galement, tous les membres de la soci\u00e9t\u00e9, en particulier, les femmes et les enfants, qui constituent la majorit\u00e9 des nouveaux arrivants et qui sont souvent confront\u00e9s \u00e0 des vuln\u00e9rabilit\u00e9s, notant que le plan d\u2019action est bas\u00e9 sur une approche inclusive du genre.<\/p>\n<p>Elle a ajout\u00e9 que le programme s\u2019engage \u00e0 faire en sorte que ses interventions tiennent compte des besoins sp\u00e9cifiques de chaque individu, en mettant l\u2019accent sur la protection des femmes et des enfants, ainsi que sur l\u2019autonomisation des femmes au sein des communaut\u00e9s.<\/p>\n","protected":false},"excerpt":{"rendered":"<p>Le ministre de l\u2019Economie et du D\u00e9veloppement durable, M. Abdessalam Mohamed Saleh, a tenu, jeudi \u00e0 Nouakchott, une s\u00e9ance de travail avec les partenaires techniques et financiers, pour examiner et discuter du plan d\u2019urgence multidimensionnel pr\u00e9par\u00e9 par la Mauritanie pour all\u00e9ger les souffrances des r\u00e9fugi\u00e9s. Le plan vise \u00e0 permettre aux nouveaux arrivants de b\u00e9n\u00e9ficier [&hellip;]<\/p>\n","protected":false},"author":13,"featured_media":237953,"comment_status":"open","ping_status":"open","sticky":false,"template":"","format":"standard","meta":{"footnotes":""},"categories":[63920,63919,63957,63959,63927],"tags":[],"class_list":["post-237951","post","type-post","status-publish","format-standard","has-post-thumbnail","hentry","category-a-la-une","category-choix-du-redacteur","category-fil-dactualite","category-mauritanie","category-slider-mauritanie"],"_links":{"self":[{"href":"https:\/\/ami.mr\/fr\/wp-json\/wp\/v2\/posts\/237951","targetHints":{"allow":["GET"]}}],"collection":[{"href":"https:\/\/ami.mr\/fr\/wp-json\/wp\/v2\/posts"}],"about":[{"href":"https:\/\/ami.mr\/fr\/wp-json\/wp\/v2\/types\/post"}],"author":[{"embeddable":true,"href":"https:\/\/ami.mr\/fr\/wp-json\/wp\/v2\/users\/13"}],"replies":[{"embeddable":true,"href":"https:\/\/ami.mr\/fr\/wp-json\/wp\/v2\/comments?post=237951"}],"version-history":[{"count":1,"href":"https:\/\/ami.mr\/fr\/wp-json\/wp\/v2\/posts\/237951\/revisions"}],"predecessor-version":[{"id":237958,"href":"https:\/\/ami.mr\/fr\/wp-json\/wp\/v2\/posts\/237951\/revisions\/237958"}],"wp:featuredmedia":[{"embeddable":true,"href":"https:\/\/ami.mr\/fr\/wp-json\/wp\/v2\/media\/237953"}],"wp:attachment":[{"href":"https:\/\/ami.mr\/fr\/wp-json\/wp\/v2\/media?parent=237951"}],"wp:term":[{"taxonomy":"category","embeddable":true,"href":"https:\/\/ami.mr\/fr\/wp-json\/wp\/v2\/categories?post=237951"},{"taxonomy":"post_tag","embeddable":true,"href":"https:\/\/ami.mr\/fr\/wp-json\/wp\/v2\/tags?post=237951"}],"curies":[{"name":"wp","href":"https:\/\/api.w.org\/{rel}","templated":true}]}}