{"id":237928,"date":"2024-01-10T22:49:06","date_gmt":"2024-01-10T22:49:06","guid":{"rendered":"https:\/\/ami.mr\/fr\/?p=237928"},"modified":"2024-01-10T22:49:06","modified_gmt":"2024-01-10T22:49:06","slug":"discussions-entre-le-commissariat-aux-droits-de-lhomme-et-la-commission-independante-des-droits-de-lhomme-de-loci","status":"publish","type":"post","link":"https:\/\/ami.mr\/fr\/archives\/237928","title":{"rendered":"Discussions entre le Commissariat aux droits de l\u2019homme et la Commission ind\u00e9pendante des droits de l\u2019homme de l\u2019OCI"},"content":{"rendered":"<div class=\"row\">\n<div class=\"cell auto-size\">\n<div class=\"set-border bd-gray padding10 margin10 no-margin-right no-margin-left \" dir=\"ltr\">\n<p>M. Ahmed Salem Ould Khtour, charg\u00e9 de mission au Commissariat aux droits de l\u2019homme, \u00e0 l\u2019Action humanitaire et aux Relations avec la Soci\u00e9t\u00e9 civile, par int\u00e9rim Commissaire adjoint, a tenu une r\u00e9union mercredi soir \u00e0 Nouakchott avec une d\u00e9l\u00e9gation de la Commission permanente ind\u00e9pendante des droits de l\u2019homme de l\u2019Organisation de la coop\u00e9ration islamique (OCI), dirig\u00e9e par la Directrice ex\u00e9cutive de l\u2019OCI, Professeur Noura Bint Zaid Ben Mubarak Al-Rashoud, Conseill\u00e8re du Secr\u00e9taire g\u00e9n\u00e9ral de l\u2019Organisation de la coop\u00e9ration islamique (OCI) sur les droits de l\u2019homme.<\/p>\n<p>La r\u00e9union a port\u00e9 sur les domaines de coop\u00e9ration entre le Haut-Commissariat et cette organisation et sur les moyens de la faire progresser afin de servir les int\u00e9r\u00eats communs visant \u00e0 prot\u00e9ger et \u00e0 promouvoir les droits de l\u2019homme.<\/p>\n<p>La r\u00e9union s\u2019est d\u00e9roul\u00e9e en pr\u00e9sence du directeur des droits de l\u2019homme au commissariat, M. Sidi Mohamed Ould Limam, et de M. Ahmed Al-Ghamdi, directeur du protocole et des relations internationales et m\u00e9diatiques \u00e0 la Commission permanente ind\u00e9pendante des droits de l\u2019homme de l\u2019Organisation de la coop\u00e9ration islamique.<\/p>\n<\/div>\n<\/div>\n<\/div>\n","protected":false},"excerpt":{"rendered":"<p>M. Ahmed Salem Ould Khtour, charg\u00e9 de mission au Commissariat aux droits de l\u2019homme, \u00e0 l\u2019Action humanitaire et aux Relations avec la Soci\u00e9t\u00e9 civile, par int\u00e9rim Commissaire adjoint, a tenu une r\u00e9union mercredi soir \u00e0 Nouakchott avec une d\u00e9l\u00e9gation de la Commission permanente ind\u00e9pendante des droits de l\u2019homme de l\u2019Organisation de la coop\u00e9ration islamique (OCI), [&hellip;]<\/p>\n","protected":false},"author":8,"featured_media":237929,"comment_status":"open","ping_status":"open","sticky":false,"template":"","format":"standard","meta":{"footnotes":""},"categories":[63920,63957],"tags":[],"class_list":["post-237928","post","type-post","status-publish","format-standard","has-post-thumbnail","hentry","category-a-la-une","category-fil-dactualite"],"_links":{"self":[{"href":"https:\/\/ami.mr\/fr\/wp-json\/wp\/v2\/posts\/237928","targetHints":{"allow":["GET"]}}],"collection":[{"href":"https:\/\/ami.mr\/fr\/wp-json\/wp\/v2\/posts"}],"about":[{"href":"https:\/\/ami.mr\/fr\/wp-json\/wp\/v2\/types\/post"}],"author":[{"embeddable":true,"href":"https:\/\/ami.mr\/fr\/wp-json\/wp\/v2\/users\/8"}],"replies":[{"embeddable":true,"href":"https:\/\/ami.mr\/fr\/wp-json\/wp\/v2\/comments?post=237928"}],"version-history":[{"count":1,"href":"https:\/\/ami.mr\/fr\/wp-json\/wp\/v2\/posts\/237928\/revisions"}],"predecessor-version":[{"id":237930,"href":"https:\/\/ami.mr\/fr\/wp-json\/wp\/v2\/posts\/237928\/revisions\/237930"}],"wp:featuredmedia":[{"embeddable":true,"href":"https:\/\/ami.mr\/fr\/wp-json\/wp\/v2\/media\/237929"}],"wp:attachment":[{"href":"https:\/\/ami.mr\/fr\/wp-json\/wp\/v2\/media?parent=237928"}],"wp:term":[{"taxonomy":"category","embeddable":true,"href":"https:\/\/ami.mr\/fr\/wp-json\/wp\/v2\/categories?post=237928"},{"taxonomy":"post_tag","embeddable":true,"href":"https:\/\/ami.mr\/fr\/wp-json\/wp\/v2\/tags?post=237928"}],"curies":[{"name":"wp","href":"https:\/\/api.w.org\/{rel}","templated":true}]}}