{"id":237907,"date":"2024-01-10T20:26:42","date_gmt":"2024-01-10T20:26:42","guid":{"rendered":"https:\/\/ami.mr\/fr\/?p=237907"},"modified":"2024-01-10T20:26:42","modified_gmt":"2024-01-10T20:26:42","slug":"le-conseil-de-la-hapa-approuve-la-proposition-de-nomination-du-directeur-general-de-radio-mauritanie-s-a","status":"publish","type":"post","link":"https:\/\/ami.mr\/fr\/archives\/237907","title":{"rendered":"Le Conseil de la HAPA approuve la proposition de nomination du directeur g\u00e9n\u00e9ral de Radio Mauritanie S.A."},"content":{"rendered":"<div class=\"row\">\n<div class=\"cell auto-size\">\n<div class=\"set-border bd-gray padding10 margin10 no-margin-right no-margin-left \" dir=\"ltr\">\n<p>Le Conseil de la Haute Autorit\u00e9 de la Presse et de l\u2019Audiovisuel (HAPA) a approuv\u00e9 en sa s\u00e9ance d\u2019aujourd\u2019hui, mercredi 10 janvier 2024, la proposition de nomination de M. Mohamed Abdelkader Ould Alada au poste de directeur g\u00e9n\u00e9ral de Radio Mauritanie, sur la base des dispositions de l\u2019article 05 de la loi 2022-22 du 17 ao\u00fbt 2022 modifiant certaines dispositions de la loi 026-2008 portant cr\u00e9ation de la Haute Autorit\u00e9 de la Presse et de l\u2019Audiovisuel, et sur la base de la correspondance du ministre de la Culture, de la Jeunesse, des Sports et des Relations avec le Parlement transmettant le proc\u00e8s-verbal du Conseil d\u2019Administration de Radio Mauritanie.<\/p>\n<p>A l\u2019ouverture de la s\u00e9ance, le Pr\u00e9sident de la Haute Autorit\u00e9 a fait une pr\u00e9sentation sur les cadres sp\u00e9cifiques de l\u2019action de la Haute Autorit\u00e9 dans le domaine de la r\u00e9gulation des m\u00e9dias, et donn\u00e9 lecture de la lettre du ministre de la Culture, de la Jeunesse, des Sports et des Relations avec le Parlement n\u00b00022 en date du 9 janvier 2024, transmettant le proc\u00e8s-verbal de Radio Mauritanie en sa session extraordinaire tenue le 8 janvier 2024, demandant l\u2019approbation de la proposition de nomination du directeur g\u00e9n\u00e9ral de Radio Mauritanie.<\/p>\n<p>A l\u2019issue de l\u2019examen par le Conseil des documents et du curriculum vitae de l\u2019int\u00e9ress\u00e9, et apr\u00e8s que le directeur propos\u00e9 ait pr\u00e9sent\u00e9 sa d\u00e9mission du Conseil national du Parti &#8221;El Insaf&#8221;, le pr\u00e9sident de la HAPA a invit\u00e9 le directeur propos\u00e9 \u00e0 pr\u00e9senter son programme de d\u00e9veloppement de l\u2019institution qui lui a \u00e9t\u00e9 confi\u00e9e.<\/p>\n<p>Dans l&#8217;expos\u00e9 de son futur programme, M. Mohamed Abdelkader Alada s\u2019est engag\u00e9 aupr\u00e8s du Conseil \u00e0 travailler pour :<\/p>\n<p>&#8211; Am\u00e9liorer et d\u00e9velopper la performance pour assurer des m\u00e9dias de proximit\u00e9 bas\u00e9s sur la participation et l\u2019interaction avec les citoyens o\u00f9 qu\u2019ils se trouvent;<\/p>\n<p>&#8211; R\u00e9pondre aux besoins radiophoniques de tous les publics radiophoniques \u00e0 l\u2019int\u00e9rieur et \u00e0 l\u2019ext\u00e9rieur du pays et dans toutes les langues nationales;<\/p>\n<p>&#8211; Donner la priorit\u00e9 aux efforts de formation et d\u2019apprentissage pour d\u00e9velopper un cadre humain capable d\u2019accomplir ses missions;<\/p>\n<p>&#8211; Faire en sorte que la radio joue son r\u00f4le d\u2019institution de service public, consacrant le pluralisme et l\u2019ouverture aux composantes du spectre politique et soci\u00e9tal, et assurant un acc\u00e8s \u00e9quitable aux acteurs politiques et soci\u00e9taux.<\/p>\n<p>Apr\u00e8s l\u2019expos\u00e9 du directeur propos\u00e9, le Conseil de la Haute Autorit\u00e9 a pass\u00e9 en revue les lois r\u00e9gissant les m\u00e9dias publics et l&#8217;action que ces lois requi\u00e8rent pour consacrer le pluralisme et la diversit\u00e9 ainsi que le droit du citoyen \u00e0 des m\u00e9dias professionnels et de qualit\u00e9, \u00e0 l\u2019am\u00e9lioration de la productivit\u00e9, \u00e0 la valorisation des ressources humaines et culturelles, au renforcement de la dimension num\u00e9rique, \u00e0 la diversification et \u00e0 l\u2019expansion de la production m\u00e9diatique.<\/p>\n<p>Par la suite, le Conseil a entam\u00e9 des d\u00e9lib\u00e9rations sur le sujet et a rendu sa d\u00e9cision d\u2019approuver la nomination de :<\/p>\n<p>&#8211; Mohamed Abdelkader Alaada en qualit\u00e9 de directeur g\u00e9n\u00e9ral de Radio Mauritanie.<\/p>\n<p>La d\u00e9cision a fait l&#8217;objet de d\u00e9lib\u00e9rations en pr\u00e9sence de MM: El Housseine Ould Meddou, Cheikh Tijani Dia, Mohamed Beheit, Omar El Mokhtar, Mmes Hawa Meyloud, Halima Diagana, et MM: Medella Bellal, Cheikh Alioune et Laghdaf Ould Khay.<\/p>\n<\/div>\n<\/div>\n<\/div>\n","protected":false},"excerpt":{"rendered":"<p>Le Conseil de la Haute Autorit\u00e9 de la Presse et de l\u2019Audiovisuel (HAPA) a approuv\u00e9 en sa s\u00e9ance d\u2019aujourd\u2019hui, mercredi 10 janvier 2024, la proposition de nomination de M. Mohamed Abdelkader Ould Alada au poste de directeur g\u00e9n\u00e9ral de Radio Mauritanie, sur la base des dispositions de l\u2019article 05 de la loi 2022-22 du 17 [&hellip;]<\/p>\n","protected":false},"author":8,"featured_media":237908,"comment_status":"open","ping_status":"open","sticky":false,"template":"","format":"standard","meta":{"footnotes":""},"categories":[63918,63957],"tags":[],"class_list":["post-237907","post","type-post","status-publish","format-standard","has-post-thumbnail","hentry","category-autres","category-fil-dactualite"],"_links":{"self":[{"href":"https:\/\/ami.mr\/fr\/wp-json\/wp\/v2\/posts\/237907","targetHints":{"allow":["GET"]}}],"collection":[{"href":"https:\/\/ami.mr\/fr\/wp-json\/wp\/v2\/posts"}],"about":[{"href":"https:\/\/ami.mr\/fr\/wp-json\/wp\/v2\/types\/post"}],"author":[{"embeddable":true,"href":"https:\/\/ami.mr\/fr\/wp-json\/wp\/v2\/users\/8"}],"replies":[{"embeddable":true,"href":"https:\/\/ami.mr\/fr\/wp-json\/wp\/v2\/comments?post=237907"}],"version-history":[{"count":1,"href":"https:\/\/ami.mr\/fr\/wp-json\/wp\/v2\/posts\/237907\/revisions"}],"predecessor-version":[{"id":237909,"href":"https:\/\/ami.mr\/fr\/wp-json\/wp\/v2\/posts\/237907\/revisions\/237909"}],"wp:featuredmedia":[{"embeddable":true,"href":"https:\/\/ami.mr\/fr\/wp-json\/wp\/v2\/media\/237908"}],"wp:attachment":[{"href":"https:\/\/ami.mr\/fr\/wp-json\/wp\/v2\/media?parent=237907"}],"wp:term":[{"taxonomy":"category","embeddable":true,"href":"https:\/\/ami.mr\/fr\/wp-json\/wp\/v2\/categories?post=237907"},{"taxonomy":"post_tag","embeddable":true,"href":"https:\/\/ami.mr\/fr\/wp-json\/wp\/v2\/tags?post=237907"}],"curies":[{"name":"wp","href":"https:\/\/api.w.org\/{rel}","templated":true}]}}