{"id":237824,"date":"2024-01-09T21:29:51","date_gmt":"2024-01-09T21:29:51","guid":{"rendered":"https:\/\/ami.mr\/fr\/?p=237824"},"modified":"2024-01-10T13:00:24","modified_gmt":"2024-01-10T13:00:24","slug":"en-afrique-leducation-originelle-une-chancellerie-du-savoir-une-oasis-de-paix","status":"publish","type":"post","link":"https:\/\/ami.mr\/fr\/archives\/237824","title":{"rendered":"En Afrique, l\u2019\u00e9nseignement originelle, une chancellerie du savoir.. une oasis de paix"},"content":{"rendered":"<div class=\"row\">\n<div class=\"cell auto-size\">\n<div class=\"set-border bd-gray padding10 margin10 no-margin-right no-margin-left \" dir=\"ltr\">\n<div class=\"row\">\n<div class=\"cell auto-size\">\n<div class=\"set-border bd-gray padding10 margin10 no-margin-right no-margin-left \" dir=\"ltr\">\n<div class=\"row\">\n<div class=\"cell auto-size\">\n<div class=\"set-border bd-gray padding10 margin10 no-margin-right no-margin-left \" dir=\"ltr\">\n<p>\u00a0\u00ab Ll\u2019\u00e9nseignement originelle en Afrique : science et paix \u00bb est un slogan choisi par les organisateurs de la quatri\u00e8me Conf\u00e9rence africaine sur la promotion de la paix, qui se tiendra \u00e0 Nouakchott du 9 au 11 janvier 2024, sous le haut patronage de Son Excellence le Pr\u00e9sident de la R\u00e9publique, Monsieur Mohamed Ould Cheikh El-Ghazouani, avec le soutien des \u00c9mirats arabes unis.<\/p>\n<p>Dans sa quatri\u00e8me \u00e9dition, ce forum vise \u00e0 op\u00e9rer un nouveau tournant dans le processus de paix en allant dans le champ de la recherche sur les justifications et les promoteurs de la paix, en abordant l\u2019un des piliers les plus importants de l\u2019approche de la paix, \u00e0 savoir les bases de l\u2019enseignement et de l\u2019\u00e9ducation. En particulier, il traite de l\u2019\u00e9ducation originelle de l\u2019exp\u00e9rience historique des soci\u00e9t\u00e9s africaines en termes d\u2019institutions \u00e9ducatives priv\u00e9es qui \u00e9taient \u00e0 l\u2019origine des connaissances inh\u00e9rentes et des ponts de communication et de coexistence entre les paisibles soci\u00e9t\u00e9s africaines.<\/p>\n<p>La conf\u00e9rence vise \u00e0 cr\u00e9er un espace de dialogue et de coop\u00e9ration entre les \u00e9coles traditionnelles et leurs extensions que sont les institutions universitaires contemporaines dans d\u2019autres pays du continent, ainsi qu\u2019\u00e0 cr\u00e9er une alliance scientifique et civilis\u00e9e pour promouvoir les valeurs de paix, de centrisme et de mod\u00e9ration.<\/p>\n<p>La conf\u00e9rence \u00abl\u2019\u00e9nseignement originelle en Afrique : science et paix \u00bb fait suite \u00e0 trois conf\u00e9rences dont Nouakchott a \u00e9t\u00e9 l\u2019incubateur, au cours des trois derni\u00e8res ann\u00e9es, et qui se sont concentr\u00e9es dans leur int\u00e9gralit\u00e9 sur la pr\u00e9dication de l\u2019appel \u00e0 la paix en d\u00e9poussi\u00e9rant ses textes abandonn\u00e9s et ses valeurs atrophi\u00e9es, \u00e0 commencer par la premi\u00e8re conf\u00e9rence en janvier 2020, qui s\u2019appuyait sur le r\u00f4le de \u00ab l\u2019islam en Afrique : tol\u00e9rance et mod\u00e9ration contre l\u2019extr\u00e9misme et le combat\u00bb, en passant par la deuxi\u00e8me conf\u00e9rence en f\u00e9vrier 2022 intitul\u00e9e \u00ab Faire la paix dans le monde \u00bb, jusqu\u2019\u00e0 la troisi\u00e8me conf\u00e9rence en janvier 2023 sous le th\u00e8me \u00ab Entrez de tout c\u0153ur dans la paix \u00bb, et cette ann\u00e9e, sous le th\u00e8me de \u00ab l\u2019\u00e9nseignement traditionnelle en Afrique : science et paix \u00bb.<\/p>\n<p>l\u2019\u00e9nseignement originelle est un ph\u00e9nom\u00e8ne enracin\u00e9 dans tout le continent africain depuis l\u2019aube de l\u2019Islam, et elle a port\u00e9 de multiples noms tels que la Mahadra chinguittienne, les \u00e9coles d\u2019enseignement originel de Tombouctou, Al-Azhar, Zaytouna, Katateeb, la Maison du S\u00e9n\u00e9gal et les conseils scientifiques&#8230;, et ce n\u2019est pas une anomalie que la Mauritanie cherche la paix en Afrique \u00e0 travers l\u2019\u00e9ducation ancienne, car le pays de Chinguetti \u00e9tait et est toujours un p\u00e8lerinage pour les \u00e9tudiants du savoir de tous les pays du continent africain, et m\u00eame du monde. Quant aux cheikhs mauritaniens form\u00e9s dans les mahadras, ils \u00e9taient c\u00e9l\u00e8bres par leur savoir si intense et vari\u00e9 et leur force de m\u00e9morisation du savoir.<\/p>\n<p>L&#8217;\u00ab \u00e9ducation originelle \u00bb est repr\u00e9sent\u00e9e par diverses formes d\u2019une seule r\u00e9alit\u00e9, \u00e0 savoir la r\u00e9alit\u00e9 de l\u2019espace de connaissance ouvert, le don scientifique fait, et les programmes qui inhibent les diff\u00e9rences de classe et s\u2019adaptent \u00e0 la diversit\u00e9 humaine, incarn\u00e9e dans sa version chinguittienne.<\/p>\n<p><img decoding=\"async\" class=\" wp-image-237828 alignleft\" src=\"https:\/\/ami.mr\/fr\/wp-content\/uploads\/2024\/01\/09-01-2024-s003-1-300x248.jpg\" alt=\"\" width=\"245\" height=\"203\" srcset=\"https:\/\/ami.mr\/fr\/wp-content\/uploads\/2024\/01\/09-01-2024-s003-1-300x248.jpg 300w, https:\/\/ami.mr\/fr\/wp-content\/uploads\/2024\/01\/09-01-2024-s003-1-768x635.jpg 768w, https:\/\/ami.mr\/fr\/wp-content\/uploads\/2024\/01\/09-01-2024-s003-1.jpg 800w\" sizes=\"(max-width: 245px) 100vw, 245px\" \/><\/p>\n<p>&nbsp;<\/p>\n<p>Dans un sondage effectu\u00e9 par l\u2019Agence Mauritanienne d\u2019information (AMI) aupr\u00e8s de certains des participants au forum, le pr\u00e9sident de l\u2019Universit\u00e9 Mohammed V de Rabat, Farid El Bacha, a indiqu\u00e9 que cette conf\u00e9rence intervient \u00e0 un moment d\u00e9licat pour dire au monde qu\u2019en Mauritanie, \u00ab le pays de la paix et de la s\u00e9curit\u00e9 \u00bb, l\u2019\u00e9cole et l\u2019\u00e9ducation originelle, ainsi que l\u2019\u00e9ducation moderne, ont eu des r\u00f4les \u00e9normes et importants pour le renforcement des valeurs universelles, dans le respect des sp\u00e9cificit\u00e9s priv\u00e9es.<\/p>\n<p>Il a soulign\u00e9 que l\u2019\u00e9ducation souffre en g\u00e9n\u00e9ral en Afrique, soulignant l\u2019importance de s\u2019appuyer sur l\u2019\u00e9ducation originelle et de d\u00e9velopper ses formes et son style, pour en faire un tr\u00e9sor de valeurs, faisant de la religion la sagesse, la raison et l\u2019humanit\u00e9, loin du racisme, de la haine et de l\u2019extr\u00e9misme.<\/p>\n<p>&nbsp;<\/p>\n<p><img decoding=\"async\" class=\" wp-image-237829 alignleft\" src=\"https:\/\/ami.mr\/fr\/wp-content\/uploads\/2024\/01\/09-01-2024-s004-1-300x254.jpg\" alt=\"\" width=\"277\" height=\"235\" srcset=\"https:\/\/ami.mr\/fr\/wp-content\/uploads\/2024\/01\/09-01-2024-s004-1-300x254.jpg 300w, https:\/\/ami.mr\/fr\/wp-content\/uploads\/2024\/01\/09-01-2024-s004-1-768x650.jpg 768w, https:\/\/ami.mr\/fr\/wp-content\/uploads\/2024\/01\/09-01-2024-s004-1.jpg 800w\" sizes=\"(max-width: 277px) 100vw, 277px\" \/><\/p>\n<p>&nbsp;<\/p>\n<p>Pour sa part, le Grand Moufti de la R\u00e9publique des Comores, M. Aboubacar Abdallah Jamal Al-Lail, a expliqu\u00e9 que cette conf\u00e9rence abordera la paix et son importance dans l\u2019\u00e9tablissement de la s\u00e9curit\u00e9 et de la tranquillit\u00e9 dans les soci\u00e9t\u00e9s, expliquant que les guerres en cours et les destructions dans tous les foyers de tension dans le monde sont principalement dues l\u2019ins\u00e9curit\u00e9.<\/p>\n<p>&nbsp;<\/p>\n<p>&nbsp;<\/p>\n<p>&nbsp;<\/p>\n<p>&nbsp;<\/p>\n<p><img decoding=\"async\" class=\" wp-image-237830 alignleft\" src=\"https:\/\/ami.mr\/fr\/wp-content\/uploads\/2024\/01\/09-01-2024-s005-1-300x279.jpg\" alt=\"\" width=\"286\" height=\"266\" srcset=\"https:\/\/ami.mr\/fr\/wp-content\/uploads\/2024\/01\/09-01-2024-s005-1-300x279.jpg 300w, https:\/\/ami.mr\/fr\/wp-content\/uploads\/2024\/01\/09-01-2024-s005-1-768x714.jpg 768w, https:\/\/ami.mr\/fr\/wp-content\/uploads\/2024\/01\/09-01-2024-s005-1.jpg 800w\" sizes=\"(max-width: 286px) 100vw, 286px\" \/><\/p>\n<p>Pour sa part, le leader religieux et ancien d\u00e9put\u00e9 de la R\u00e9publique du S\u00e9n\u00e9gal, M. Mansour Sy, a soulign\u00e9 que cette conf\u00e9rence met l\u2019accent dans sa pr\u00e9sente \u00e9dition sur l\u2019\u00e9ducation traditionnelle en Afrique en mettant en exergue les piliers les plus importants de l\u2019approche de la paix, soulignant que les relations Mauritano-s\u00e9n\u00e9galaises jouent depuis longtemps un r\u00f4le central dans la diffusion des enseignements de l\u2019islam tol\u00e9rant.<\/p>\n<p>Le Forum africain pour la promotion de la paix ouvre une nouvelle \u00e9tape sur les chemins de la paix civile, une extension et une expansion de l\u2019ombre de son arbre g\u00e9ant aux racines profondes sur le continent africain, et un investissement dans les r\u00e9sultats des forums et conf\u00e9rences organis\u00e9s par la Conf\u00e9rence africaine et le Forum d\u2019Abou Dhabi pour la paix sous la pr\u00e9sidence de l\u2019\u00e9rudit Cheikh Abdoullah Ben Baya, croyant en la priorit\u00e9 de la paix et qu\u2019elle est le garant de tous les droits et la strat\u00e9gie pacifique et ferme pour cr\u00e9er un avenir de bonheur, de prosp\u00e9rit\u00e9, d\u2019harmonie.<\/p>\n<p>Dans sa quatri\u00e8me \u00e9tape, le forum est consid\u00e9r\u00e9 comme une plate-forme de partenariat fructueux et de dialogue b\u00e9n\u00e9fique entre les d\u00e9cideurs, les chefs religieux et les diverses \u00e9lites de la soci\u00e9t\u00e9, dans le but de contribuer, \u00e0 partir de ses cercles d\u2019int\u00e9r\u00eat et d\u2019influence, avec d\u2019autres partenaires d\u2019organisations r\u00e9gionales et internationales, \u00e0 explorer les moyens par lesquels l\u2019\u00e9ducation originelle peut retrouver son r\u00f4le plein et efficace dans la promotion de la paix et de l\u2019harmonie et le renforcement de l\u2019immunit\u00e9 des soci\u00e9t\u00e9s contre les id\u00e9es extr\u00e9mistes.<\/p>\n<p>Les diff\u00e9rents jalons du forum ont de tout temps \u00e9t\u00e9 des jalons sur la voie de la paix en Afrique et, ensemble, ont refl\u00e9t\u00e9 les efforts continus d\u00e9ploy\u00e9s pour pr\u00e9voir l\u2019avenir de la stabilit\u00e9 et de la prosp\u00e9rit\u00e9 du continent.<\/p>\n<p>Parall\u00e8lement \u00e0 ses pr\u00e9c\u00e9dentes \u00e9ditions annuelles, le forum a \u00e9galement lanc\u00e9 une s\u00e9rie de r\u00e9unions consultatives visant \u00e0 mettre l\u2019accent sur la logique de la r\u00e9conciliation en tant qu\u2019esprit de paix et principe de base de sa mise en \u0153uvre dans les environnements troubles tels que le Sahel, le Soudan et d\u2019autres lignes de contact sur le continent.<\/p>\n<\/div>\n<\/div>\n<\/div>\n<\/div>\n<\/div>\n<\/div>\n<\/div>\n<\/div>\n<\/div>\n","protected":false},"excerpt":{"rendered":"<p>\u00a0\u00ab Ll\u2019\u00e9nseignement originelle en Afrique : science et paix \u00bb est un slogan choisi par les organisateurs de la quatri\u00e8me Conf\u00e9rence africaine sur la promotion de la paix, qui se tiendra \u00e0 Nouakchott du 9 au 11 janvier 2024, sous le haut patronage de Son Excellence le Pr\u00e9sident de la R\u00e9publique, Monsieur Mohamed Ould Cheikh [&hellip;]<\/p>\n","protected":false},"author":8,"featured_media":237831,"comment_status":"open","ping_status":"open","sticky":false,"template":"","format":"standard","meta":{"footnotes":""},"categories":[63920,104,63957,63924],"tags":[],"class_list":["post-237824","post","type-post","status-publish","format-standard","has-post-thumbnail","hentry","category-a-la-une","category-104","category-fil-dactualite","category-slider-culture"],"_links":{"self":[{"href":"https:\/\/ami.mr\/fr\/wp-json\/wp\/v2\/posts\/237824","targetHints":{"allow":["GET"]}}],"collection":[{"href":"https:\/\/ami.mr\/fr\/wp-json\/wp\/v2\/posts"}],"about":[{"href":"https:\/\/ami.mr\/fr\/wp-json\/wp\/v2\/types\/post"}],"author":[{"embeddable":true,"href":"https:\/\/ami.mr\/fr\/wp-json\/wp\/v2\/users\/8"}],"replies":[{"embeddable":true,"href":"https:\/\/ami.mr\/fr\/wp-json\/wp\/v2\/comments?post=237824"}],"version-history":[{"count":3,"href":"https:\/\/ami.mr\/fr\/wp-json\/wp\/v2\/posts\/237824\/revisions"}],"predecessor-version":[{"id":237854,"href":"https:\/\/ami.mr\/fr\/wp-json\/wp\/v2\/posts\/237824\/revisions\/237854"}],"wp:featuredmedia":[{"embeddable":true,"href":"https:\/\/ami.mr\/fr\/wp-json\/wp\/v2\/media\/237831"}],"wp:attachment":[{"href":"https:\/\/ami.mr\/fr\/wp-json\/wp\/v2\/media?parent=237824"}],"wp:term":[{"taxonomy":"category","embeddable":true,"href":"https:\/\/ami.mr\/fr\/wp-json\/wp\/v2\/categories?post=237824"},{"taxonomy":"post_tag","embeddable":true,"href":"https:\/\/ami.mr\/fr\/wp-json\/wp\/v2\/tags?post=237824"}],"curies":[{"name":"wp","href":"https:\/\/api.w.org\/{rel}","templated":true}]}}