{"id":237820,"date":"2024-01-09T19:21:22","date_gmt":"2024-01-09T19:21:22","guid":{"rendered":"https:\/\/ami.mr\/fr\/?p=237820"},"modified":"2024-01-10T12:38:57","modified_gmt":"2024-01-10T12:38:57","slug":"le-ciel-sera-peu-nuageux-a-nuageux-sur-le-centre-et-sud-de-la-mauritanie","status":"publish","type":"post","link":"https:\/\/ami.mr\/fr\/archives\/237820","title":{"rendered":"Le ciel sera peu nuageux \u00e0 nuageux sur le centre et sud de la Mauritanie"},"content":{"rendered":"<div class=\"row\"><\/div>\n<div class=\"row\">\n<div class=\"cell auto-size\">\n<div class=\"set-border bd-gray padding10 margin10 no-margin-right no-margin-left \" dir=\"ltr\">\n<p>La situation m\u00e9t\u00e9orologique en Mauritanie sera caract\u00e9ris\u00e9e, au cours des prochaines 24 heures, par des vents faibles \u00e0 mod\u00e9r\u00e9s de nord \u00e0 nord-oues le long du littoral et d&#8217;est au sud-est sur le reste du pays avec de l\u00e9g\u00e8re hausses de temp\u00e9ratures sur le sud-ouest tandis que la visibilit\u00e9 sera affect\u00e9e par sable sur les deux hodhs.<\/p>\n<p>Le ciel sera peu nuageux \u00e0 nuageux sur le centre et sud du territoire national.<\/p>\n<p>Au niveau de la ville de Nouakchott, les vents seront faibles \u00e0 mod\u00e9r\u00e9s de nord \u00e0 nord-ouest avec un ciel peu nuageux \u00e0 nuageux.<\/p>\n<p>Voici les temp\u00e9ratures minimales et maximales pour les prochaines 24 heures \u00e0 :<\/p>\n<p>N\u00e9ma\u00a8&#8212;&#8212;&#8212;&#8212;&#8212;&#8212;- 22\/35\u00b0<\/p>\n<p>Timb\u00e9dra- &#8212;&#8212;&#8212;&#8212;&#8212;18\/36\u00b0<\/p>\n<p>Oualata &#8212;&#8212;&#8212;&#8212;&#8212;&#8212;18\/34\u00b0<\/p>\n<p>Adel Bagrou&#8212;&#8212;&#8212;&#8212;-19\/37\u00b0<\/p>\n<p>Bassiknou &#8212;&#8212;&#8212;&#8212;&#8211; 18\/36\u00b0<\/p>\n<p>A\u00efoun &#8212;&#8212;&#8212;&#8212;&#8212;&#8212;-17\/35\u00b0<\/p>\n<p>Tintane &#8212;&#8212;&#8212;&#8212;&#8212;&#8211;19\/35\u00b0<\/p>\n<p>Kiffa &#8212;&#8212;&#8212;&#8212;&#8212;&#8212;&#8211;16\/36\u00b0<\/p>\n<p>Kankoussa &#8212;&#8212;&#8212;&#8212;-17\/37\u00b0<\/p>\n<p>Barkewol &#8212;&#8212;&#8212;&#8212;&#8212;18\/37\u00b0<\/p>\n<p>Ka\u00e9di &#8212;&#8212;&#8212;&#8212;&#8212;&#8212;-17\/37\u00b0<\/p>\n<p>Monguel&#8230;&#8230;&#8230;&#8230;&#8230;&#8230;&#8230;17\/37\u00b0<\/p>\n<p>Maghama &#8212;&#8212;&#8212;&#8212;&#8211;18\/37\u00b0<\/p>\n<p>M&#8217;bout &#8212;&#8212;&#8212;&#8212;&#8212;&#8211;18\/37\u00b0<\/p>\n<p>Aleg &#8212;&#8212;&#8212;&#8212;&#8212;&#8212;&#8211;14\/36\u00b0<\/p>\n<p>Maghtalahjar &#8212;&#8212;&#8212;-16\/37\u00b0<\/p>\n<p>Bogh\u00e9 &#8212;&#8212;&#8212;&#8212;&#8212;&#8212;15\/36\u00b0<\/p>\n<p>Rosso&#8212;&#8212;&#8212;&#8212;&#8212;&#8212;-14\/35\u00b0<\/p>\n<p>Boutilimitt &#8212;&#8212;&#8212;&#8212;-13\/35\u00b0<\/p>\n<p>Atar &#8212;&#8212;&#8212;&#8212;&#8212;&#8212;&#8211;14\/34\u00b0<\/p>\n<p>Ouadane &#8212;&#8212;&#8212;&#8212;&#8212;13\/31\u00b0<\/p>\n<p>Chinguetti &#8212;&#8212;&#8212;&#8212;-12\/30\u00b0<\/p>\n<p>Aoujeft &#8212;&#8212;&#8212;&#8212;&#8212;&#8211;17\/34\u00b0<\/p>\n<p>Nouadhibou &#8212;&#8212;&#8212;&#8211;16\/29\u00b0<\/p>\n<p>Tidjikja &#8212;&#8212;&#8212;&#8212;&#8212;&#8211;16\/33\u00b0<\/p>\n<p>Tichitt &#8212;&#8212;&#8212;&#8212;&#8212;&#8212;17\/34\u00b0<\/p>\n<p>S\u00e9libabi &#8212;&#8212;&#8212;&#8212;&#8212;-20\/37\u00b0<\/p>\n<p>Zou\u00e9rate &#8212;&#8212;&#8212;&#8212;&#8212;14\/30\u00b0<\/p>\n<p>Bir Moghrein &#8212;&#8212;&#8212;&#8211;11\/28\u00b0<\/p>\n<p>Akjoujt &#8212;&#8212;&#8212;&#8212;&#8212;&#8212;16\/35\u00b0<\/p>\n<p>Nouakchott &#8212;&#8212;&#8212;&#8212;-14\/31\u00b0<\/p>\n<p>Au niveau du littoral, la mer sera peu agit\u00e9e \u00e0 agiter, tandis que la houle sera de direction nord-ouest et la hauteur des vagues variera de 1,25 \u00e0 2.5 m\u00e8tres.<\/p>\n<\/div>\n<\/div>\n<\/div>\n","protected":false},"excerpt":{"rendered":"<p>La situation m\u00e9t\u00e9orologique en Mauritanie sera caract\u00e9ris\u00e9e, au cours des prochaines 24 heures, par des vents faibles \u00e0 mod\u00e9r\u00e9s de nord \u00e0 nord-oues le long du littoral et d&#8217;est au sud-est sur le reste du pays avec de l\u00e9g\u00e8re hausses de temp\u00e9ratures sur le sud-ouest tandis que la visibilit\u00e9 sera affect\u00e9e par sable sur les [&hellip;]<\/p>\n","protected":false},"author":8,"featured_media":226808,"comment_status":"open","ping_status":"open","sticky":false,"template":"","format":"standard","meta":{"footnotes":""},"categories":[63918,63957,63959],"tags":[],"class_list":["post-237820","post","type-post","status-publish","format-standard","has-post-thumbnail","hentry","category-autres","category-fil-dactualite","category-mauritanie"],"_links":{"self":[{"href":"https:\/\/ami.mr\/fr\/wp-json\/wp\/v2\/posts\/237820","targetHints":{"allow":["GET"]}}],"collection":[{"href":"https:\/\/ami.mr\/fr\/wp-json\/wp\/v2\/posts"}],"about":[{"href":"https:\/\/ami.mr\/fr\/wp-json\/wp\/v2\/types\/post"}],"author":[{"embeddable":true,"href":"https:\/\/ami.mr\/fr\/wp-json\/wp\/v2\/users\/8"}],"replies":[{"embeddable":true,"href":"https:\/\/ami.mr\/fr\/wp-json\/wp\/v2\/comments?post=237820"}],"version-history":[{"count":1,"href":"https:\/\/ami.mr\/fr\/wp-json\/wp\/v2\/posts\/237820\/revisions"}],"predecessor-version":[{"id":237822,"href":"https:\/\/ami.mr\/fr\/wp-json\/wp\/v2\/posts\/237820\/revisions\/237822"}],"wp:featuredmedia":[{"embeddable":true,"href":"https:\/\/ami.mr\/fr\/wp-json\/wp\/v2\/media\/226808"}],"wp:attachment":[{"href":"https:\/\/ami.mr\/fr\/wp-json\/wp\/v2\/media?parent=237820"}],"wp:term":[{"taxonomy":"category","embeddable":true,"href":"https:\/\/ami.mr\/fr\/wp-json\/wp\/v2\/categories?post=237820"},{"taxonomy":"post_tag","embeddable":true,"href":"https:\/\/ami.mr\/fr\/wp-json\/wp\/v2\/tags?post=237820"}],"curies":[{"name":"wp","href":"https:\/\/api.w.org\/{rel}","templated":true}]}}