{"id":237583,"date":"2024-01-04T11:18:09","date_gmt":"2024-01-04T11:18:09","guid":{"rendered":"https:\/\/ami.mr\/fr\/?p=237583"},"modified":"2024-01-04T11:18:09","modified_gmt":"2024-01-04T11:18:09","slug":"la-campagne-de-vaccination-du-betail-se-poursuit-au-trarza","status":"publish","type":"post","link":"https:\/\/ami.mr\/fr\/archives\/237583","title":{"rendered":"La campagne de vaccination du b\u00e9tail se poursuit au Trarza"},"content":{"rendered":"<p>La campagne de sensibilisation organis\u00e9e par le minist\u00e8re de l\u2019\u00c9levage se poursuit dans l&#8217;\u00c9tat du Trarza sur l&#8217;importance de vacciner le b\u00e9tail contre les maladies de la peste des petits ruminants, la pneumonie et la pleur\u00e9sie infectieuse des bovins. La campagne vise \u00e0 profiter davantage du processus de vaccination lanc\u00e9 par le minist\u00e8re le 30 octobre \u00e0 travers des \u00e9quipes mobiles dans toutes les moughataas et communes de la wilaya.<\/p>\n<p>Dans le cadre des efforts de sensibilisation \u00e0 la vaccination du cheptel, le hakem de Keur-Mac\u00e8ne, M. Mohamed Lemine Abdelghader Hamdallah, a pr\u00e9sid\u00e9, mercredi, une r\u00e9union avec les \u00e9leveurs, au cours de laquelle il a soulign\u00e9 l&#8217;importance que Son Excellence le Pr\u00e9sident de la R\u00e9publique, Monsieur Mohamed Ould Cheikh El Ghazouani, s\u2019attache \u00e0 l\u2019\u00e9levage qu\u2019il a \u00e9rig\u00e9 en pilier majeur du d\u00e9veloppement local.<\/p>\n<p>Le hakem a ajout\u00e9 que la sant\u00e9 animale constitue un facteur important pour le d\u00e9veloppement de l\u2019\u00e9levage pr\u00e9cisant que les campagnes de vaccination organis\u00e9es chaque ann\u00e9e visent \u00e0 prot\u00e9ger le b\u00e9tail des maladies mortelles.<\/p>\n<p>Le hakem a appel\u00e9 tous les op\u00e9rateurs \u00e9conomiques du secteur de l\u2019\u00e9levage, les \u00e9leveurs et les citoyens propri\u00e9taires d\u2019animaux \u00e0 vacciner leur b\u00e9tail et \u00e0 saisir l&#8217;opportunit\u00e9 qui leur est offerte pour prot\u00e9ger leur cheptel.<\/p>\n<p>Il a indiqu\u00e9 que la moughataa de Keur-Mac\u00e8ne compte un cheptel de 50 000 t\u00eates de bovins et 150 000 t\u00eates de petits ruminants, ce qui n\u00e9cessite davantage d&#8217;efforts pour les vacciner et prot\u00e9ger cette ressource de la wilaya qui participe de la s\u00e9curit\u00e9 alimentaire du pays.<\/p>\n<p>Une r\u00e9union similaire a \u00e9t\u00e9 tenue \u00e0 Mederdra par la hakem adjointe Mme Vaiza mint Mea\u00efnina Ould Nanne, dans laquelle elle a insist\u00e9 sur les risques que fait courir la propagation des maladies animales et leur impact sur les conditions des \u00e9leveurs et sur l\u2019\u00e9conomie locale et nationale, invitant les \u00e9leveurs \u00e0 ne m\u00e9nager aucun effort pour faire vacciner leur cheptel.<\/p>\n","protected":false},"excerpt":{"rendered":"<p>La campagne de sensibilisation organis\u00e9e par le minist\u00e8re de l\u2019\u00c9levage se poursuit dans l&#8217;\u00c9tat du Trarza sur l&#8217;importance de vacciner le b\u00e9tail contre les maladies de la peste des petits ruminants, la pneumonie et la pleur\u00e9sie infectieuse des bovins. La campagne vise \u00e0 profiter davantage du processus de vaccination lanc\u00e9 par le minist\u00e8re le 30 [&hellip;]<\/p>\n","protected":false},"author":16,"featured_media":237584,"comment_status":"open","ping_status":"open","sticky":false,"template":"","format":"standard","meta":{"footnotes":""},"categories":[63918,63957,8672],"tags":[],"class_list":["post-237583","post","type-post","status-publish","format-standard","has-post-thumbnail","hentry","category-autres","category-fil-dactualite","category-8672"],"_links":{"self":[{"href":"https:\/\/ami.mr\/fr\/wp-json\/wp\/v2\/posts\/237583","targetHints":{"allow":["GET"]}}],"collection":[{"href":"https:\/\/ami.mr\/fr\/wp-json\/wp\/v2\/posts"}],"about":[{"href":"https:\/\/ami.mr\/fr\/wp-json\/wp\/v2\/types\/post"}],"author":[{"embeddable":true,"href":"https:\/\/ami.mr\/fr\/wp-json\/wp\/v2\/users\/16"}],"replies":[{"embeddable":true,"href":"https:\/\/ami.mr\/fr\/wp-json\/wp\/v2\/comments?post=237583"}],"version-history":[{"count":1,"href":"https:\/\/ami.mr\/fr\/wp-json\/wp\/v2\/posts\/237583\/revisions"}],"predecessor-version":[{"id":237585,"href":"https:\/\/ami.mr\/fr\/wp-json\/wp\/v2\/posts\/237583\/revisions\/237585"}],"wp:featuredmedia":[{"embeddable":true,"href":"https:\/\/ami.mr\/fr\/wp-json\/wp\/v2\/media\/237584"}],"wp:attachment":[{"href":"https:\/\/ami.mr\/fr\/wp-json\/wp\/v2\/media?parent=237583"}],"wp:term":[{"taxonomy":"category","embeddable":true,"href":"https:\/\/ami.mr\/fr\/wp-json\/wp\/v2\/categories?post=237583"},{"taxonomy":"post_tag","embeddable":true,"href":"https:\/\/ami.mr\/fr\/wp-json\/wp\/v2\/tags?post=237583"}],"curies":[{"name":"wp","href":"https:\/\/api.w.org\/{rel}","templated":true}]}}