{"id":237275,"date":"2023-12-27T22:59:34","date_gmt":"2023-12-27T22:59:34","guid":{"rendered":"https:\/\/ami.mr\/fr\/?p=237275"},"modified":"2024-01-03T15:18:08","modified_gmt":"2024-01-03T15:18:08","slug":"le-president-de-la-republique-pose-la-premiere-pierre-de-la-construction-du-siege-de-la-delegation-generale-des-archives-nationales","status":"publish","type":"post","link":"https:\/\/ami.mr\/fr\/archives\/237275","title":{"rendered":"Le Pr\u00e9sident de la R\u00e9publique pose la premi\u00e8re pierre de la construction du si\u00e8ge de la D\u00e9l\u00e9gation g\u00e9n\u00e9rale des Archives nationales"},"content":{"rendered":"<div class=\"row\"><\/div>\n<div class=\"row\">\n<div class=\"cell auto-size\">\n<div class=\"set-border bd-gray padding10 margin10 no-margin-right no-margin-left \" dir=\"ltr\">\n<p>Le Pr\u00e9sident de la R\u00e9publique, M. Mohamed Ould Cheikh El Ghazouani, a supervis\u00e9, mercredi \u00e0 Nouakchott, la pose de la premi\u00e8re pierre pour la construction du si\u00e8ge de la D\u00e9l\u00e9gation g\u00e9n\u00e9rale des Archives nationales.<\/p>\n<p>Ce b\u00e2timent se compose de 36 bureaux administratifs, de deux salles de conf\u00e9rence, de deux salles d\u2019archives, d\u2019une grande salle de r\u00e9union, en plus des bureaux du Directeur g\u00e9n\u00e9ral et du Directeur g\u00e9n\u00e9ral adjoint, et d\u2019autres services annexes.<\/p>\n<p>La construction de cette installation, qui contribuera \u00e0 cr\u00e9er des conditions propices \u00e0 l\u2019accomplissement des missions confi\u00e9es \u00e0 la D\u00e9l\u00e9gation, devrait \u00eatre achev\u00e9e d\u2019ici 15 mois. Apr\u00e8s la pose de la premi\u00e8re pierre, Son Excellence Monsieur le Pr\u00e9sident de la R\u00e9publique a re\u00e7u des explications sur les proc\u00e9d\u00e9s techniques suivis pour la construction de cette installation, et les m\u00e9thodes de contr\u00f4le qui seront adopt\u00e9es afin de la construire conform\u00e9ment aux conditions sp\u00e9cifi\u00e9es dans le cahier des charges.<\/p>\n<p>Dans une allocution prononc\u00e9e \u00e0 cette occasion, le ministre de l\u2019Habitat, de l\u2019Urbanisme et de l\u2019Am\u00e9nagement du Territoire, M. Sid Ahmed Ould Mohamed, a expliqu\u00e9 l\u2019importance des diff\u00e9rentes r\u00e9alisations accomplies dans le domaine des infrastructures au cours des derni\u00e8res ann\u00e9es, passant en revue un certain nombre de projets importants en cours de construction dans ce domaine.<\/p>\n<p>Il a r\u00e9it\u00e9r\u00e9 l\u2019engagement du minist\u00e8re \u00e0 veiller \u00e0 ce que tous ces projets soient construits dans les d\u00e9lais contractuels, passant en revue les composantes du si\u00e8ge de la D\u00e9l\u00e9gation g\u00e9n\u00e9rale des archives nationales en cours de construction et les d\u00e9lais pr\u00e9vus pour son ach\u00e8vement.<\/p>\n<p>La c\u00e9r\u00e9monie de pose de la premi\u00e8re pierre s\u2019est d\u00e9roul\u00e9e en pr\u00e9sence du Premier ministre M. Mohamed Ould Bilal Messoud, du pr\u00e9sident du Conseil Constitutionnel, du ministre secr\u00e9taire g\u00e9n\u00e9ral de la Pr\u00e9sidence de la R\u00e9publique, du ministre charg\u00e9 du Cabinet du Pr\u00e9sident de la R\u00e9publique, du ministre conseiller de la Pr\u00e9sidence de la R\u00e9publique, des membres du gouvernement, du wali de Nouakchott- Ouest, des chefs de services r\u00e9gionaux, et des membres du corps diplomatique.<\/p>\n<\/div>\n<\/div>\n<\/div>\n","protected":false},"excerpt":{"rendered":"<p>Le Pr\u00e9sident de la R\u00e9publique, M. Mohamed Ould Cheikh El Ghazouani, a supervis\u00e9, mercredi \u00e0 Nouakchott, la pose de la premi\u00e8re pierre pour la construction du si\u00e8ge de la D\u00e9l\u00e9gation g\u00e9n\u00e9rale des Archives nationales. Ce b\u00e2timent se compose de 36 bureaux administratifs, de deux salles de conf\u00e9rence, de deux salles d\u2019archives, d\u2019une grande salle de [&hellip;]<\/p>\n","protected":false},"author":8,"featured_media":237276,"comment_status":"open","ping_status":"open","sticky":false,"template":"","format":"standard","meta":{"footnotes":""},"categories":[63957,63959,63921,63927],"tags":[],"class_list":["post-237275","post","type-post","status-publish","format-standard","has-post-thumbnail","hentry","category-fil-dactualite","category-mauritanie","category-slider-afficher","category-slider-mauritanie"],"_links":{"self":[{"href":"https:\/\/ami.mr\/fr\/wp-json\/wp\/v2\/posts\/237275","targetHints":{"allow":["GET"]}}],"collection":[{"href":"https:\/\/ami.mr\/fr\/wp-json\/wp\/v2\/posts"}],"about":[{"href":"https:\/\/ami.mr\/fr\/wp-json\/wp\/v2\/types\/post"}],"author":[{"embeddable":true,"href":"https:\/\/ami.mr\/fr\/wp-json\/wp\/v2\/users\/8"}],"replies":[{"embeddable":true,"href":"https:\/\/ami.mr\/fr\/wp-json\/wp\/v2\/comments?post=237275"}],"version-history":[{"count":1,"href":"https:\/\/ami.mr\/fr\/wp-json\/wp\/v2\/posts\/237275\/revisions"}],"predecessor-version":[{"id":237277,"href":"https:\/\/ami.mr\/fr\/wp-json\/wp\/v2\/posts\/237275\/revisions\/237277"}],"wp:featuredmedia":[{"embeddable":true,"href":"https:\/\/ami.mr\/fr\/wp-json\/wp\/v2\/media\/237276"}],"wp:attachment":[{"href":"https:\/\/ami.mr\/fr\/wp-json\/wp\/v2\/media?parent=237275"}],"wp:term":[{"taxonomy":"category","embeddable":true,"href":"https:\/\/ami.mr\/fr\/wp-json\/wp\/v2\/categories?post=237275"},{"taxonomy":"post_tag","embeddable":true,"href":"https:\/\/ami.mr\/fr\/wp-json\/wp\/v2\/tags?post=237275"}],"curies":[{"name":"wp","href":"https:\/\/api.w.org\/{rel}","templated":true}]}}