{"id":237269,"date":"2023-12-27T22:43:13","date_gmt":"2023-12-27T22:43:13","guid":{"rendered":"https:\/\/ami.mr\/fr\/?p=237269"},"modified":"2023-12-29T17:06:00","modified_gmt":"2023-12-29T17:06:00","slug":"decret-portant-nomination-du-sous-chef-detat-major-de-la-garde-nationale","status":"publish","type":"post","link":"https:\/\/ami.mr\/fr\/archives\/237269","title":{"rendered":"D\u00e9cret portant nomination du chef Adjoint d\u2019\u00e9tat-major  de la Garde nationale"},"content":{"rendered":"<div class=\"row\">\n<div class=\"cell auto-size\">\n<div class=\"set-border bd-gray padding10 margin10 no-margin-right no-margin-left \" dir=\"ltr\">\n<p>La pr\u00e9sidence de la R\u00e9publique a annonc\u00e9 que par d\u00e9cret publi\u00e9 mercredi, le colonel Ahmed Ould Tachfine, est nomm\u00e9 chef d\u2019\u00e9tat-major adjoint de la Garde nationale.<\/p>\n<\/div>\n<\/div>\n<\/div>\n","protected":false},"excerpt":{"rendered":"<p>La pr\u00e9sidence de la R\u00e9publique a annonc\u00e9 que par d\u00e9cret publi\u00e9 mercredi, le colonel Ahmed Ould Tachfine, est nomm\u00e9 chef d\u2019\u00e9tat-major adjoint de la Garde nationale.<\/p>\n","protected":false},"author":8,"featured_media":226819,"comment_status":"open","ping_status":"open","sticky":false,"template":"","format":"standard","meta":{"footnotes":""},"categories":[63957,63959,63921,63927],"tags":[],"class_list":["post-237269","post","type-post","status-publish","format-standard","has-post-thumbnail","hentry","category-fil-dactualite","category-mauritanie","category-slider-afficher","category-slider-mauritanie"],"_links":{"self":[{"href":"https:\/\/ami.mr\/fr\/wp-json\/wp\/v2\/posts\/237269","targetHints":{"allow":["GET"]}}],"collection":[{"href":"https:\/\/ami.mr\/fr\/wp-json\/wp\/v2\/posts"}],"about":[{"href":"https:\/\/ami.mr\/fr\/wp-json\/wp\/v2\/types\/post"}],"author":[{"embeddable":true,"href":"https:\/\/ami.mr\/fr\/wp-json\/wp\/v2\/users\/8"}],"replies":[{"embeddable":true,"href":"https:\/\/ami.mr\/fr\/wp-json\/wp\/v2\/comments?post=237269"}],"version-history":[{"count":2,"href":"https:\/\/ami.mr\/fr\/wp-json\/wp\/v2\/posts\/237269\/revisions"}],"predecessor-version":[{"id":237426,"href":"https:\/\/ami.mr\/fr\/wp-json\/wp\/v2\/posts\/237269\/revisions\/237426"}],"wp:featuredmedia":[{"embeddable":true,"href":"https:\/\/ami.mr\/fr\/wp-json\/wp\/v2\/media\/226819"}],"wp:attachment":[{"href":"https:\/\/ami.mr\/fr\/wp-json\/wp\/v2\/media?parent=237269"}],"wp:term":[{"taxonomy":"category","embeddable":true,"href":"https:\/\/ami.mr\/fr\/wp-json\/wp\/v2\/categories?post=237269"},{"taxonomy":"post_tag","embeddable":true,"href":"https:\/\/ami.mr\/fr\/wp-json\/wp\/v2\/tags?post=237269"}],"curies":[{"name":"wp","href":"https:\/\/api.w.org\/{rel}","templated":true}]}}