{"id":237266,"date":"2023-12-27T22:39:45","date_gmt":"2023-12-27T22:39:45","guid":{"rendered":"https:\/\/ami.mr\/fr\/?p=237266"},"modified":"2023-12-28T12:50:49","modified_gmt":"2023-12-28T12:50:49","slug":"nomination-du-directeur-general-de-la-surete-nationale","status":"publish","type":"post","link":"https:\/\/ami.mr\/fr\/archives\/237266","title":{"rendered":"Nomination du directeur g\u00e9n\u00e9ral de la suret\u00e9 nationale"},"content":{"rendered":"<div class=\"row\">\n<div class=\"cell auto-size\">\n<div class=\"set-border bd-gray padding10 margin10 no-margin-right no-margin-left \" dir=\"ltr\">\n<p>La pr\u00e9sidence de la R\u00e9publique a annonc\u00e9 que par d\u00e9cret publi\u00e9 mercredi, le g\u00e9n\u00e9ral de division Mohamed Cheikh Ould Mohamed Lemine est nomm\u00e9 directeur g\u00e9n\u00e9ral de la suret\u00e9 nationale.<\/p>\n<\/div>\n<\/div>\n<\/div>\n","protected":false},"excerpt":{"rendered":"<p>La pr\u00e9sidence de la R\u00e9publique a annonc\u00e9 que par d\u00e9cret publi\u00e9 mercredi, le g\u00e9n\u00e9ral de division Mohamed Cheikh Ould Mohamed Lemine est nomm\u00e9 directeur g\u00e9n\u00e9ral de la suret\u00e9 nationale.<\/p>\n","protected":false},"author":8,"featured_media":234282,"comment_status":"open","ping_status":"open","sticky":false,"template":"","format":"standard","meta":{"footnotes":""},"categories":[63957,63959,63921,63927],"tags":[],"class_list":["post-237266","post","type-post","status-publish","format-standard","has-post-thumbnail","hentry","category-fil-dactualite","category-mauritanie","category-slider-afficher","category-slider-mauritanie"],"_links":{"self":[{"href":"https:\/\/ami.mr\/fr\/wp-json\/wp\/v2\/posts\/237266","targetHints":{"allow":["GET"]}}],"collection":[{"href":"https:\/\/ami.mr\/fr\/wp-json\/wp\/v2\/posts"}],"about":[{"href":"https:\/\/ami.mr\/fr\/wp-json\/wp\/v2\/types\/post"}],"author":[{"embeddable":true,"href":"https:\/\/ami.mr\/fr\/wp-json\/wp\/v2\/users\/8"}],"replies":[{"embeddable":true,"href":"https:\/\/ami.mr\/fr\/wp-json\/wp\/v2\/comments?post=237266"}],"version-history":[{"count":1,"href":"https:\/\/ami.mr\/fr\/wp-json\/wp\/v2\/posts\/237266\/revisions"}],"predecessor-version":[{"id":237268,"href":"https:\/\/ami.mr\/fr\/wp-json\/wp\/v2\/posts\/237266\/revisions\/237268"}],"wp:featuredmedia":[{"embeddable":true,"href":"https:\/\/ami.mr\/fr\/wp-json\/wp\/v2\/media\/234282"}],"wp:attachment":[{"href":"https:\/\/ami.mr\/fr\/wp-json\/wp\/v2\/media?parent=237266"}],"wp:term":[{"taxonomy":"category","embeddable":true,"href":"https:\/\/ami.mr\/fr\/wp-json\/wp\/v2\/categories?post=237266"},{"taxonomy":"post_tag","embeddable":true,"href":"https:\/\/ami.mr\/fr\/wp-json\/wp\/v2\/tags?post=237266"}],"curies":[{"name":"wp","href":"https:\/\/api.w.org\/{rel}","templated":true}]}}