{"id":237263,"date":"2023-12-27T22:32:44","date_gmt":"2023-12-27T22:32:44","guid":{"rendered":"https:\/\/ami.mr\/fr\/?p=237263"},"modified":"2023-12-28T13:47:23","modified_gmt":"2023-12-28T13:47:23","slug":"decret-portant-nomination-du-commandant-du-college-de-defense","status":"publish","type":"post","link":"https:\/\/ami.mr\/fr\/archives\/237263","title":{"rendered":"D\u00e9cret portant nomination du commandant du Coll\u00e8ge de d\u00e9fense"},"content":{"rendered":"<div class=\"row\">\n<div class=\"cell auto-size\">\n<div class=\"set-border bd-gray padding10 margin10 no-margin-right no-margin-left \" dir=\"ltr\">\n<p>La Pr\u00e9sidence de la R\u00e9publique a annonc\u00e9 que par d\u00e9cret en date de ce jour, mercredi, le g\u00e9n\u00e9ral de division Abbe Ould Babetti est nomm\u00e9 commandant du Coll\u00e8ge de d\u00e9fense.<\/p>\n<\/div>\n<\/div>\n<\/div>\n","protected":false},"excerpt":{"rendered":"<p>La Pr\u00e9sidence de la R\u00e9publique a annonc\u00e9 que par d\u00e9cret en date de ce jour, mercredi, le g\u00e9n\u00e9ral de division Abbe Ould Babetti est nomm\u00e9 commandant du Coll\u00e8ge de d\u00e9fense.<\/p>\n","protected":false},"author":8,"featured_media":226819,"comment_status":"open","ping_status":"open","sticky":false,"template":"","format":"standard","meta":{"footnotes":""},"categories":[63957,63959,63921,63927],"tags":[],"class_list":["post-237263","post","type-post","status-publish","format-standard","has-post-thumbnail","hentry","category-fil-dactualite","category-mauritanie","category-slider-afficher","category-slider-mauritanie"],"_links":{"self":[{"href":"https:\/\/ami.mr\/fr\/wp-json\/wp\/v2\/posts\/237263","targetHints":{"allow":["GET"]}}],"collection":[{"href":"https:\/\/ami.mr\/fr\/wp-json\/wp\/v2\/posts"}],"about":[{"href":"https:\/\/ami.mr\/fr\/wp-json\/wp\/v2\/types\/post"}],"author":[{"embeddable":true,"href":"https:\/\/ami.mr\/fr\/wp-json\/wp\/v2\/users\/8"}],"replies":[{"embeddable":true,"href":"https:\/\/ami.mr\/fr\/wp-json\/wp\/v2\/comments?post=237263"}],"version-history":[{"count":1,"href":"https:\/\/ami.mr\/fr\/wp-json\/wp\/v2\/posts\/237263\/revisions"}],"predecessor-version":[{"id":237265,"href":"https:\/\/ami.mr\/fr\/wp-json\/wp\/v2\/posts\/237263\/revisions\/237265"}],"wp:featuredmedia":[{"embeddable":true,"href":"https:\/\/ami.mr\/fr\/wp-json\/wp\/v2\/media\/226819"}],"wp:attachment":[{"href":"https:\/\/ami.mr\/fr\/wp-json\/wp\/v2\/media?parent=237263"}],"wp:term":[{"taxonomy":"category","embeddable":true,"href":"https:\/\/ami.mr\/fr\/wp-json\/wp\/v2\/categories?post=237263"},{"taxonomy":"post_tag","embeddable":true,"href":"https:\/\/ami.mr\/fr\/wp-json\/wp\/v2\/tags?post=237263"}],"curies":[{"name":"wp","href":"https:\/\/api.w.org\/{rel}","templated":true}]}}