{"id":237260,"date":"2023-12-27T22:29:44","date_gmt":"2023-12-27T22:29:44","guid":{"rendered":"https:\/\/ami.mr\/fr\/?p=237260"},"modified":"2023-12-28T13:57:19","modified_gmt":"2023-12-28T13:57:19","slug":"nomination-du-chef-detat-major-de-la-marine-nationale","status":"publish","type":"post","link":"https:\/\/ami.mr\/fr\/archives\/237260","title":{"rendered":"Nomination du chef d\u2019\u00e9tat-major de la Marine nationale"},"content":{"rendered":"<div class=\"row\">\n<div class=\"cell auto-size\">\n<div class=\"set-border bd-gray padding10 margin10 no-margin-right no-margin-left \" dir=\"ltr\">\n<p>La Pr\u00e9sidence de la R\u00e9publique a annonc\u00e9 qu\u2019en vertu d\u2019un d\u00e9cret publi\u00e9 mercredi, le contre-amiral Ahmed Sa\u00efd Benaouf a \u00e9t\u00e9 nomm\u00e9 chef d\u2019\u00e9tat-major de la Marine nationale.<\/p>\n<\/div>\n<\/div>\n<\/div>\n","protected":false},"excerpt":{"rendered":"<p>La Pr\u00e9sidence de la R\u00e9publique a annonc\u00e9 qu\u2019en vertu d\u2019un d\u00e9cret publi\u00e9 mercredi, le contre-amiral Ahmed Sa\u00efd Benaouf a \u00e9t\u00e9 nomm\u00e9 chef d\u2019\u00e9tat-major de la Marine nationale.<\/p>\n","protected":false},"author":8,"featured_media":226819,"comment_status":"open","ping_status":"open","sticky":false,"template":"","format":"standard","meta":{"footnotes":""},"categories":[63957,63959,63921,63927],"tags":[],"class_list":["post-237260","post","type-post","status-publish","format-standard","has-post-thumbnail","hentry","category-fil-dactualite","category-mauritanie","category-slider-afficher","category-slider-mauritanie"],"_links":{"self":[{"href":"https:\/\/ami.mr\/fr\/wp-json\/wp\/v2\/posts\/237260","targetHints":{"allow":["GET"]}}],"collection":[{"href":"https:\/\/ami.mr\/fr\/wp-json\/wp\/v2\/posts"}],"about":[{"href":"https:\/\/ami.mr\/fr\/wp-json\/wp\/v2\/types\/post"}],"author":[{"embeddable":true,"href":"https:\/\/ami.mr\/fr\/wp-json\/wp\/v2\/users\/8"}],"replies":[{"embeddable":true,"href":"https:\/\/ami.mr\/fr\/wp-json\/wp\/v2\/comments?post=237260"}],"version-history":[{"count":2,"href":"https:\/\/ami.mr\/fr\/wp-json\/wp\/v2\/posts\/237260\/revisions"}],"predecessor-version":[{"id":237312,"href":"https:\/\/ami.mr\/fr\/wp-json\/wp\/v2\/posts\/237260\/revisions\/237312"}],"wp:featuredmedia":[{"embeddable":true,"href":"https:\/\/ami.mr\/fr\/wp-json\/wp\/v2\/media\/226819"}],"wp:attachment":[{"href":"https:\/\/ami.mr\/fr\/wp-json\/wp\/v2\/media?parent=237260"}],"wp:term":[{"taxonomy":"category","embeddable":true,"href":"https:\/\/ami.mr\/fr\/wp-json\/wp\/v2\/categories?post=237260"},{"taxonomy":"post_tag","embeddable":true,"href":"https:\/\/ami.mr\/fr\/wp-json\/wp\/v2\/tags?post=237260"}],"curies":[{"name":"wp","href":"https:\/\/api.w.org\/{rel}","templated":true}]}}