{"id":237227,"date":"2023-12-27T18:06:12","date_gmt":"2023-12-27T18:06:12","guid":{"rendered":"https:\/\/ami.mr\/fr\/?p=237227"},"modified":"2023-12-27T18:06:12","modified_gmt":"2023-12-27T18:06:12","slug":"le-ministre-des-affaires-etrangeres-recoit-les-copies-figurees-des-lettres-de-creance-de-lambassadeur-de-syrie","status":"publish","type":"post","link":"https:\/\/ami.mr\/fr\/archives\/237227","title":{"rendered":"Le ministre des Affaires \u00e9trang\u00e8res re\u00e7oit les copies figur\u00e9es des lettres de cr\u00e9ance de l\u2019ambassadeur de Syrie"},"content":{"rendered":"<div class=\"row\"><\/div>\n<div class=\"row\">\n<div class=\"cell auto-size\">\n<div class=\"set-border bd-gray padding10 margin10 no-margin-right no-margin-left \" dir=\"ltr\">\n<p>Le ministre des Affaires \u00e9trang\u00e8res, de la Coop\u00e9ration et des Mauritaniens de l\u2019Ext\u00e9rieur, M. Mohamed Salem Ould Merzoug, a re\u00e7u en audience, mercredi dans son bureau \u00e0 Nouakchott, S.EM. Qusai Thabet Mustafa. ambassadeur de la R\u00e9publique arabe syrienne nouvellement accr\u00e9dit\u00e9 en Mauritanie.<\/p>\n<p>Au cours de l\u2019entrevue, le diplomate syrien a pr\u00e9sent\u00e9 au ministre les copies figur\u00e9es de ses lettres de cr\u00e9ance l\u2019accr\u00e9ditant en tant qu\u2019ambassadeur extraordinaire et pl\u00e9nipotentiaire de la R\u00e9publique arabe syrienne dans notre pays.<\/p>\n<p>Outre le ministre, M. Omar Mohamed Babou, ambassadeur, directeur g\u00e9n\u00e9ral de la Direction de la coop\u00e9ration bilat\u00e9rale au minist\u00e8re des Affaires \u00e9trang\u00e8res, de la Coop\u00e9ration et des Mauritaniens de l\u2019Ext\u00e9rieur, a pris part \u00e0 la r\u00e9union.<\/p>\n<\/div>\n<\/div>\n<\/div>\n","protected":false},"excerpt":{"rendered":"<p>Le ministre des Affaires \u00e9trang\u00e8res, de la Coop\u00e9ration et des Mauritaniens de l\u2019Ext\u00e9rieur, M. Mohamed Salem Ould Merzoug, a re\u00e7u en audience, mercredi dans son bureau \u00e0 Nouakchott, S.EM. Qusai Thabet Mustafa. ambassadeur de la R\u00e9publique arabe syrienne nouvellement accr\u00e9dit\u00e9 en Mauritanie. Au cours de l\u2019entrevue, le diplomate syrien a pr\u00e9sent\u00e9 au ministre les copies [&hellip;]<\/p>\n","protected":false},"author":8,"featured_media":237228,"comment_status":"open","ping_status":"open","sticky":false,"template":"","format":"standard","meta":{"footnotes":""},"categories":[63918,63957],"tags":[],"class_list":["post-237227","post","type-post","status-publish","format-standard","has-post-thumbnail","hentry","category-autres","category-fil-dactualite"],"_links":{"self":[{"href":"https:\/\/ami.mr\/fr\/wp-json\/wp\/v2\/posts\/237227","targetHints":{"allow":["GET"]}}],"collection":[{"href":"https:\/\/ami.mr\/fr\/wp-json\/wp\/v2\/posts"}],"about":[{"href":"https:\/\/ami.mr\/fr\/wp-json\/wp\/v2\/types\/post"}],"author":[{"embeddable":true,"href":"https:\/\/ami.mr\/fr\/wp-json\/wp\/v2\/users\/8"}],"replies":[{"embeddable":true,"href":"https:\/\/ami.mr\/fr\/wp-json\/wp\/v2\/comments?post=237227"}],"version-history":[{"count":1,"href":"https:\/\/ami.mr\/fr\/wp-json\/wp\/v2\/posts\/237227\/revisions"}],"predecessor-version":[{"id":237229,"href":"https:\/\/ami.mr\/fr\/wp-json\/wp\/v2\/posts\/237227\/revisions\/237229"}],"wp:featuredmedia":[{"embeddable":true,"href":"https:\/\/ami.mr\/fr\/wp-json\/wp\/v2\/media\/237228"}],"wp:attachment":[{"href":"https:\/\/ami.mr\/fr\/wp-json\/wp\/v2\/media?parent=237227"}],"wp:term":[{"taxonomy":"category","embeddable":true,"href":"https:\/\/ami.mr\/fr\/wp-json\/wp\/v2\/categories?post=237227"},{"taxonomy":"post_tag","embeddable":true,"href":"https:\/\/ami.mr\/fr\/wp-json\/wp\/v2\/tags?post=237227"}],"curies":[{"name":"wp","href":"https:\/\/api.w.org\/{rel}","templated":true}]}}