{"id":237162,"date":"2023-12-26T17:53:52","date_gmt":"2023-12-26T17:53:52","guid":{"rendered":"https:\/\/ami.mr\/fr\/?p=237162"},"modified":"2023-12-26T17:53:52","modified_gmt":"2023-12-26T17:53:52","slug":"le-wali-de-nouakchott-ouest-supervise-le-lancement-de-la-collecte-des-donnees-liees-au-rgph","status":"publish","type":"post","link":"https:\/\/ami.mr\/fr\/archives\/237162","title":{"rendered":"Le wali de Nouakchott Ouest supervise le lancement de la collecte des donn\u00e9es li\u00e9es au RGPH"},"content":{"rendered":"<div class=\"row\"><\/div>\n<div class=\"row\">\n<div class=\"cell auto-size\">\n<div class=\"set-border bd-gray padding10 margin10 no-margin-right no-margin-left \" dir=\"ltr\">\n<p>Le wali de Nouakchott Ouest, M. M\u2019rabih Rabbou Ould Abidine, a supervis\u00e9, lundi \u00e0 Nouakchott, le lancement de la collecte des donn\u00e9es pour le Recensement G\u00e9n\u00e9ral de la Population et de l\u2019Habitat au niveau de la Wilaya, \u00e0 partir de la moughataa de Sebkha, en pr\u00e9sence des autorit\u00e9s administratives, des \u00e9lus et des notables de la moughataa.<\/p>\n<p>Ould Abidine a soulign\u00e9 l\u2019importance de ce recensement et la n\u00e9cessit\u00e9 de le r\u00e9aliser soigneusement, notant qu\u2019il permettra de conna\u00eetre le nombre de r\u00e9sidents nationaux, ainsi que le nombre d\u2019\u00e9trangers vivants dans le pays.<\/p>\n<p>Il a soulign\u00e9 que la Wilaya a mobilis\u00e9 tous les moyens mat\u00e9riels et humains pour faire de cette op\u00e9ration un succ\u00e8s, appelant tout le monde \u00e0 participer \u00e0 la campagne de sensibilisation et \u00e0 coop\u00e9rer avec les \u00e9quipes de recenseurs.<\/p>\n<p>La Wilaya place de grands espoirs dans tout le monde, en particulier les cadres, les dignitaires, les \u00e9lus, les clubs de jeunes et la soci\u00e9t\u00e9 civile, pour mener \u00e0 bien cette mission.<\/p>\n<p>Auparavant, le maire de la commune de Sebkha, M. Ba Ismail Moussa, a souhait\u00e9 la bienvenue aux participants, exprimant ses remerciements aux autorit\u00e9s pour l\u2019organisation de ce recensement en raison de son importance pour la vie de la population, tout en d\u00e9clarant la disponibilit\u00e9 de sa municipalit\u00e9 \u00e0 coop\u00e9rer pleinement pour la r\u00e9ussite de l\u2019op\u00e9ration.<\/p>\n<p>De son c\u00f4t\u00e9, le coordinateur du recensement, M. Gueye Ali, a indiqu\u00e9 que l\u2019\u00e9quipe en charge de ce recensement au niveau de Nouakchott Ouest compte 169 recenseurs, 28 observateurs, et 3 superviseurs.<\/p>\n<\/div>\n<\/div>\n<\/div>\n","protected":false},"excerpt":{"rendered":"<p>Le wali de Nouakchott Ouest, M. M\u2019rabih Rabbou Ould Abidine, a supervis\u00e9, lundi \u00e0 Nouakchott, le lancement de la collecte des donn\u00e9es pour le Recensement G\u00e9n\u00e9ral de la Population et de l\u2019Habitat au niveau de la Wilaya, \u00e0 partir de la moughataa de Sebkha, en pr\u00e9sence des autorit\u00e9s administratives, des \u00e9lus et des notables de [&hellip;]<\/p>\n","protected":false},"author":8,"featured_media":237164,"comment_status":"open","ping_status":"open","sticky":false,"template":"","format":"standard","meta":{"footnotes":""},"categories":[63918,63957],"tags":[],"class_list":["post-237162","post","type-post","status-publish","format-standard","has-post-thumbnail","hentry","category-autres","category-fil-dactualite"],"_links":{"self":[{"href":"https:\/\/ami.mr\/fr\/wp-json\/wp\/v2\/posts\/237162","targetHints":{"allow":["GET"]}}],"collection":[{"href":"https:\/\/ami.mr\/fr\/wp-json\/wp\/v2\/posts"}],"about":[{"href":"https:\/\/ami.mr\/fr\/wp-json\/wp\/v2\/types\/post"}],"author":[{"embeddable":true,"href":"https:\/\/ami.mr\/fr\/wp-json\/wp\/v2\/users\/8"}],"replies":[{"embeddable":true,"href":"https:\/\/ami.mr\/fr\/wp-json\/wp\/v2\/comments?post=237162"}],"version-history":[{"count":1,"href":"https:\/\/ami.mr\/fr\/wp-json\/wp\/v2\/posts\/237162\/revisions"}],"predecessor-version":[{"id":237165,"href":"https:\/\/ami.mr\/fr\/wp-json\/wp\/v2\/posts\/237162\/revisions\/237165"}],"wp:featuredmedia":[{"embeddable":true,"href":"https:\/\/ami.mr\/fr\/wp-json\/wp\/v2\/media\/237164"}],"wp:attachment":[{"href":"https:\/\/ami.mr\/fr\/wp-json\/wp\/v2\/media?parent=237162"}],"wp:term":[{"taxonomy":"category","embeddable":true,"href":"https:\/\/ami.mr\/fr\/wp-json\/wp\/v2\/categories?post=237162"},{"taxonomy":"post_tag","embeddable":true,"href":"https:\/\/ami.mr\/fr\/wp-json\/wp\/v2\/tags?post=237162"}],"curies":[{"name":"wp","href":"https:\/\/api.w.org\/{rel}","templated":true}]}}