{"id":23677,"date":"2012-06-07T17:51:30","date_gmt":"2012-06-07T17:51:30","guid":{"rendered":"http:\/\/192.168.64.2\/fr\/index.php\/2012\/06\/07\/pleniere-de-depot-au-senat\/"},"modified":"2022-07-04T02:04:28","modified_gmt":"2022-07-04T02:04:28","slug":"pleniere-de-depot-au-senat","status":"publish","type":"post","link":"https:\/\/ami.mr\/fr\/archives\/23677","title":{"rendered":"Pl\u00e9ni\u00e8re de d\u00e9p\u00f4t au S\u00e9nat"},"content":{"rendered":"<p>Le s\u00e9nat s&#8217;est r\u00e9uni jeudi \u00e0 Nouakchott en s\u00e9ance pl\u00e9ni\u00e8re, sous la pr\u00e9sidence, du s\u00e9nateur Mohamed El Hacen Ould El Hadj, 1er -vice pr\u00e9sident du s\u00e9nat.<br \/>\nLa pl\u00e9ni\u00e8re a \u00e9t\u00e9 consacr\u00e9e au d\u00e9p\u00f4t de deux projets de loi.<br \/>\nIl s&#8217;agit du projet de loi autorisant la ratification de l&#8217;accord de pr\u00eat sign\u00e9 le 17 avril 2012 \u00e0 Marrakech (Maroc) entre le gouvernement de la R\u00e9publique Islamique de Mauritanie et le Fonds Arabe pour le D\u00e9veloppement Economique et Social (FADES), destin\u00e9 au financement du projet d&#8217;alimentation en eau potable des villes et des village de l&#8217;Est, \u00e0 partir du Bassin de Dhar.<br \/>\nLe second projet de loi porte sur la ratification de l&#8217;ordonnance NO 2012 -001 du 25 avril 2012 , portant sur la ratification de deux accords de pr\u00eat et Istisnaa sign\u00e9s le 04 avril 2012 \u00e0 Khartoum (Soudan ) entre le gouvernement de la R\u00e9publique Islamique et la banque islamique de d\u00e9veloppement (BAD),destin\u00e9s au financement du projet de construction de la route de N\u00e9ma-Bassiknou.<br \/>\nR\u00e9unie auparavant, sous la pr\u00e9sidence, du s\u00e9nateur Mohamed El Hacen Ould El Hadj, 1er -vice pr\u00e9sident du s\u00e9nat, la conf\u00e9rence des pr\u00e9sident avait pass\u00e9 en revue les deux projets de loi avant de les soumettre \u00e0 la commission des affaires \u00e9conomiques et du plan du s\u00e9nat pour l&#8217;\u00e9tude approfondie.<br \/>\nLe gouvernement a \u00e9t\u00e9 repr\u00e9sent\u00e9, lors de cette r\u00e9union, par Mme Ciss\u00e9 Mint Cheikh Ould Boidda, ministre de la culture, de la jeunesse et des sports.<\/p>\n","protected":false},"excerpt":{"rendered":"<p>Le s\u00e9nat s&#8217;est r\u00e9uni jeudi \u00e0 Nouakchott en s\u00e9ance pl\u00e9ni\u00e8re, sous la pr\u00e9sidence, du s\u00e9nateur Mohamed El Hacen Ould El Hadj, 1er -vice pr\u00e9sident du s\u00e9nat.<br \/>\nLa pl\u00e9ni\u00e8re a \u00e9t\u00e9 consacr\u00e9e au d\u00e9p\u00f4t de deux projets<\/p>\n","protected":false},"author":1,"featured_media":118430,"comment_status":"closed","ping_status":"closed","sticky":false,"template":"","format":"standard","meta":{"footnotes":""},"categories":[],"tags":[63963,62476,62753],"class_list":["post-23677","post","type-post","status-publish","format-standard","has-post-thumbnail","hentry","tag-activites-parlementaires","tag-nouakchott","tag-rabani"],"_links":{"self":[{"href":"https:\/\/ami.mr\/fr\/wp-json\/wp\/v2\/posts\/23677","targetHints":{"allow":["GET"]}}],"collection":[{"href":"https:\/\/ami.mr\/fr\/wp-json\/wp\/v2\/posts"}],"about":[{"href":"https:\/\/ami.mr\/fr\/wp-json\/wp\/v2\/types\/post"}],"author":[{"embeddable":true,"href":"https:\/\/ami.mr\/fr\/wp-json\/wp\/v2\/users\/1"}],"replies":[{"embeddable":true,"href":"https:\/\/ami.mr\/fr\/wp-json\/wp\/v2\/comments?post=23677"}],"version-history":[{"count":1,"href":"https:\/\/ami.mr\/fr\/wp-json\/wp\/v2\/posts\/23677\/revisions"}],"predecessor-version":[{"id":118429,"href":"https:\/\/ami.mr\/fr\/wp-json\/wp\/v2\/posts\/23677\/revisions\/118429"}],"wp:featuredmedia":[{"embeddable":true,"href":"https:\/\/ami.mr\/fr\/wp-json\/wp\/v2\/media\/118430"}],"wp:attachment":[{"href":"https:\/\/ami.mr\/fr\/wp-json\/wp\/v2\/media?parent=23677"}],"wp:term":[{"taxonomy":"category","embeddable":true,"href":"https:\/\/ami.mr\/fr\/wp-json\/wp\/v2\/categories?post=23677"},{"taxonomy":"post_tag","embeddable":true,"href":"https:\/\/ami.mr\/fr\/wp-json\/wp\/v2\/tags?post=23677"}],"curies":[{"name":"wp","href":"https:\/\/api.w.org\/{rel}","templated":true}]}}