{"id":23673,"date":"2012-06-07T16:39:18","date_gmt":"2012-06-07T16:39:18","guid":{"rendered":"http:\/\/192.168.64.2\/fr\/index.php\/2012\/06\/07\/runion-de-hauts-responsables-du-groupe-du-dialogue-55-prparant-la-confrence-des-ministres-des-affaires-trangres\/"},"modified":"2022-07-04T02:04:24","modified_gmt":"2022-07-04T02:04:24","slug":"runion-de-hauts-responsables-du-groupe-du-dialogue-55-prparant-la-confrence-des-ministres-des-affaires-trangres","status":"publish","type":"post","link":"https:\/\/ami.mr\/fr\/archives\/23673","title":{"rendered":"R&eacute;union de hauts responsables du groupe du &quot; dialogue 5+5 pr&eacute;parant la conf&eacute;rence des ministres des affaires &eacute;trang&egrave;res"},"content":{"rendered":"<p>La r\u00e9union des hauts responsables du groupe du &#8220;dialogue 5+5&#8221; pr\u00e9parant la dixi\u00e8me session de la conf\u00e9rence des ministres des affaires \u00e9trang\u00e8res dudit groupe devant se tenir en septembre prochain \u00e0 Nouakchott a d\u00e9but\u00e9 jeudi dans notre capitale.<br \/>\nLes travaux du groupe qui doivent prendre fin jeudi soir sont consacr\u00e9s au suivi des propositions pr\u00e9sent\u00e9es au cours de la conf\u00e9rence des ministres tenue en f\u00e9vrier dernier \u00e0 Rome et des recommandations issues des r\u00e9unions minist\u00e9rielles des diff\u00e9rents secteurs.<br \/>\nIl sera aussi question des pr\u00e9paratifs du sommet du &#8220;groupe du dialogue 5+5&#8221; qui aura lieu \u00e0 Malte ainsi que des relations avec l&#8217;Union pour la M\u00e9diterran\u00e9e. Le sommet de l&#8217;Union du Maghreb Arabe pr\u00e9vu en octobre 2012 \u00e0 Tunis est \u00e9galement \u00e0 l&#8217;ordre du jour de la r\u00e9union d&#8217;aujourd&#8217;hui.<br \/>\nDans un mot prononc\u00e9 pour la circonstance, le secr\u00e9taire g\u00e9n\u00e9ral du minist\u00e8re des affaires \u00e9trang\u00e8res et de la coop\u00e9ration par int\u00e9rim, M. Mohamed ould Mekhala a indiqu\u00e9 que le dialogue 5+5 qui a d\u00e9marr\u00e9 \u00e0 travers la d\u00e9claration de Rome de 1990 repr\u00e9sente aujourd&#8217;hui un cadre singulier de coop\u00e9ration et de compl\u00e9mentarit\u00e9 entre les pays membres \u00e0 travers le renforcement du dialogue entre la communaut\u00e9 europ\u00e9enne et les pays de l&#8217;Union du Maghreb Arabe dans le but de faire de la r\u00e9gion un havre de paix, de s\u00e9curit\u00e9 et de coop\u00e9ration.<br \/>\nIl a pr\u00e9cis\u00e9 que ces objectifs sont consid\u00e9r\u00e9s comme une priorit\u00e9 pour notre pays, conform\u00e9ment aux orientations du Pr\u00e9sident de la R\u00e9publique, orientations dont l&#8217;ex\u00e9cution est assur\u00e9e par le gouvernement du Premier ministre.<br \/>\nLe secr\u00e9taire g\u00e9n\u00e9ral par int\u00e9rim a enfin indiqu\u00e9 que cette r\u00e9union s&#8217;inscrit dans le cadre des pr\u00e9paratifs de deux grandes \u00e9ch\u00e9ances \u00e0 savoir le sommet 5+5 pr\u00e9vu en Octobre prochain \u00e0 Malte et le sommet de l&#8217;Union du Maghreb arabe devant se tenir dans la m\u00eame p\u00e9riode en Tunisie, en plus du partenariat avec l&#8217;Union pour la M\u00e9diterran\u00e9e.<\/p>\n","protected":false},"excerpt":{"rendered":"<p>La r\u00e9union des hauts responsables du groupe du &#8220;dialogue 5+5&#8221; pr\u00e9parant la dixi\u00e8me session de la conf\u00e9rence des ministres des affaires \u00e9trang\u00e8res dudit groupe devant se tenir en septembre prochain \u00e0 Nouakchott<\/p>\n","protected":false},"author":1,"featured_media":118426,"comment_status":"closed","ping_status":"closed","sticky":false,"template":"","format":"standard","meta":{"footnotes":""},"categories":[],"tags":[62969,62476,63993],"class_list":["post-23673","post","type-post","status-publish","format-standard","has-post-thumbnail","hentry","tag-alya","tag-nouakchott","tag-politique"],"_links":{"self":[{"href":"https:\/\/ami.mr\/fr\/wp-json\/wp\/v2\/posts\/23673","targetHints":{"allow":["GET"]}}],"collection":[{"href":"https:\/\/ami.mr\/fr\/wp-json\/wp\/v2\/posts"}],"about":[{"href":"https:\/\/ami.mr\/fr\/wp-json\/wp\/v2\/types\/post"}],"author":[{"embeddable":true,"href":"https:\/\/ami.mr\/fr\/wp-json\/wp\/v2\/users\/1"}],"replies":[{"embeddable":true,"href":"https:\/\/ami.mr\/fr\/wp-json\/wp\/v2\/comments?post=23673"}],"version-history":[{"count":1,"href":"https:\/\/ami.mr\/fr\/wp-json\/wp\/v2\/posts\/23673\/revisions"}],"predecessor-version":[{"id":118425,"href":"https:\/\/ami.mr\/fr\/wp-json\/wp\/v2\/posts\/23673\/revisions\/118425"}],"wp:featuredmedia":[{"embeddable":true,"href":"https:\/\/ami.mr\/fr\/wp-json\/wp\/v2\/media\/118426"}],"wp:attachment":[{"href":"https:\/\/ami.mr\/fr\/wp-json\/wp\/v2\/media?parent=23673"}],"wp:term":[{"taxonomy":"category","embeddable":true,"href":"https:\/\/ami.mr\/fr\/wp-json\/wp\/v2\/categories?post=23673"},{"taxonomy":"post_tag","embeddable":true,"href":"https:\/\/ami.mr\/fr\/wp-json\/wp\/v2\/tags?post=23673"}],"curies":[{"name":"wp","href":"https:\/\/api.w.org\/{rel}","templated":true}]}}