{"id":23671,"date":"2012-06-07T16:35:30","date_gmt":"2012-06-07T16:35:30","guid":{"rendered":"http:\/\/192.168.64.2\/fr\/index.php\/2012\/06\/07\/le-snat-adopte-un-projet-de-loi-sur-le-financement-du-projet-dlectrification-rurale-de-la-zone-daftout-oriental\/"},"modified":"2022-07-04T02:04:22","modified_gmt":"2022-07-04T02:04:22","slug":"le-snat-adopte-un-projet-de-loi-sur-le-financement-du-projet-dlectrification-rurale-de-la-zone-daftout-oriental","status":"publish","type":"post","link":"https:\/\/ami.mr\/fr\/archives\/23671","title":{"rendered":"Le S&eacute;nat adopte un projet de loi sur le financement du projet d&#8217;&eacute;lectrification rurale de la zone d&#8217;Aftout oriental"},"content":{"rendered":"<p>Le S\u00e9nat a adopt\u00e9, jeudi \u00e0 Nouakchott, un projet de loi autorisant la ratification de deux accords de pr\u00eat et de vente \u00e0 terme entre le gouvernement de la R\u00e9publique Islamique de Mauritanie et la Banque Islamique de D\u00e9veloppement (BID) destin\u00e9s au financement du projet d&#8217;\u00e9lectrification rurale de la zone d&#8217;Aftout oriental.<br \/>\nL&#8217;adoption est intervenue au cours d&#8217;une s\u00e9ance pl\u00e9ni\u00e8re tenue sous la pr\u00e9sidence du s\u00e9nateur Mohamed El Hacen Ould El Hadj, premier vice-pr\u00e9sident du S\u00e9nat.<br \/>\nLe gouvernement a \u00e9t\u00e9 repr\u00e9sent\u00e9 \u00e0 cette pl\u00e9ni\u00e8re par le ministre du p\u00e9trole, de l&#8217;\u00e9nergie et des mines, M. Taleb Ould Abdival.<br \/>\nLe ministre a pr\u00e9cis\u00e9 que ce projet s&#8217;inscrit dans le cadre de l&#8217;ex\u00e9cution du programme du Pr\u00e9sident de la R\u00e9publique relatif au d\u00e9veloppement de la zone de l&#8217;Aftout oriental (triangle de l&#8217;espoir), pr\u00e9cisant que le gouvernement a d\u00e9fini un vaste plan de d\u00e9veloppement de cette partie du pays. C&#8217;est ainsi, a-t-il dit, qu&#8217;il a \u00e9t\u00e9 d\u00e9cid\u00e9 de mettre en place des infrastructures<br \/>\n( alimentation en eau potable, construction des routes, \u00e9lectrification) qui constitueront un vrai levier pour le d\u00e9veloppement social et \u00e9conomique de cette r\u00e9gion.<br \/>\nC&#8217;est dans ce cadre, a ajout\u00e9 le ministre, que s&#8217;inscrit le pr\u00e9sent projet de loi qui permettra la cr\u00e9ation d&#8217;une centrale d&#8217;\u00e9nergie solaire \u00e0 Voum Legleita et d&#8217;une centrale Diesel en plus d&#8217;une ligne \u00e9lectrique de 240 kilom\u00e8tres reliant Voum Legleita \u00e0 El Ghair\u00e9.<br \/>\nM. Taleb Ould Abdival a indiqu\u00e9, s&#8217;agissant des financements, que la premi\u00e8re tranche du pr\u00e9sent projet, soit l&#8217;\u00e9quivalent de 4,4 milliards d&#8217;ouguiyas est financ\u00e9e par la Banque Islamique de D\u00e9veloppement alors que la deuxi\u00e8me tranche sera financ\u00e9e par le Fonds de l&#8217;OPEP.<br \/>\nRepondant aux interventions des s\u00e9nateurs qui ont lou\u00e9 le projet, soulignant qu&#8217;il contribuera \u00e0 l&#8217;am\u00e9lioartion des conditions de vie des populations de l&#8217;Aftout Charghi, le ministre a not\u00e9 que la zone de l&#8217;Aftout Charghi regroupe des zones appartenant \u00e0 quatre wilayas \u00e0 savoir le Gorgol, l&#8217;Assaba, le Brakna et le Tagant.<br \/>\nQuoi que tr\u00e8s fertiles, ces zones, a dit le ministre, ont de commun l&#8217;enclavement pendant l&#8217;hivernage, le niveau \u00e9lev\u00e9 de pauvret\u00e9 et le manque de nappes souterraines.<\/p>\n","protected":false},"excerpt":{"rendered":"<p>Le S\u00e9nat a adopt\u00e9, jeudi \u00e0 Nouakchott, un projet de loi autorisant la ratification de deux accords de pr\u00eat et de vente \u00e0 terme entre le gouvernement de la R\u00e9publique Islamique de Mauritanie et la Banque<\/p>\n","protected":false},"author":1,"featured_media":118424,"comment_status":"closed","ping_status":"closed","sticky":false,"template":"","format":"standard","meta":{"footnotes":""},"categories":[],"tags":[63963,62969,62476],"class_list":["post-23671","post","type-post","status-publish","format-standard","has-post-thumbnail","hentry","tag-activites-parlementaires","tag-alya","tag-nouakchott"],"_links":{"self":[{"href":"https:\/\/ami.mr\/fr\/wp-json\/wp\/v2\/posts\/23671","targetHints":{"allow":["GET"]}}],"collection":[{"href":"https:\/\/ami.mr\/fr\/wp-json\/wp\/v2\/posts"}],"about":[{"href":"https:\/\/ami.mr\/fr\/wp-json\/wp\/v2\/types\/post"}],"author":[{"embeddable":true,"href":"https:\/\/ami.mr\/fr\/wp-json\/wp\/v2\/users\/1"}],"replies":[{"embeddable":true,"href":"https:\/\/ami.mr\/fr\/wp-json\/wp\/v2\/comments?post=23671"}],"version-history":[{"count":1,"href":"https:\/\/ami.mr\/fr\/wp-json\/wp\/v2\/posts\/23671\/revisions"}],"predecessor-version":[{"id":118423,"href":"https:\/\/ami.mr\/fr\/wp-json\/wp\/v2\/posts\/23671\/revisions\/118423"}],"wp:featuredmedia":[{"embeddable":true,"href":"https:\/\/ami.mr\/fr\/wp-json\/wp\/v2\/media\/118424"}],"wp:attachment":[{"href":"https:\/\/ami.mr\/fr\/wp-json\/wp\/v2\/media?parent=23671"}],"wp:term":[{"taxonomy":"category","embeddable":true,"href":"https:\/\/ami.mr\/fr\/wp-json\/wp\/v2\/categories?post=23671"},{"taxonomy":"post_tag","embeddable":true,"href":"https:\/\/ami.mr\/fr\/wp-json\/wp\/v2\/tags?post=23671"}],"curies":[{"name":"wp","href":"https:\/\/api.w.org\/{rel}","templated":true}]}}