{"id":236563,"date":"2023-12-19T16:47:44","date_gmt":"2023-12-19T16:47:44","guid":{"rendered":"https:\/\/ami.mr\/fr\/?p=236563"},"modified":"2023-12-19T16:47:44","modified_gmt":"2023-12-19T16:47:44","slug":"lancement-dun-atelier-de-formation-a-laudiovisuel-pour-faire-face-au-piratage-des-contenus-audiovisuels","status":"publish","type":"post","link":"https:\/\/ami.mr\/fr\/archives\/236563","title":{"rendered":"Lancement d\u2019un atelier de formation \u00e0 l\u2019audiovisuel pour faire face au piratage des contenus audiovisuels"},"content":{"rendered":"<div class=\"cell auto-size\">\n<div class=\"set-border bd-gray padding10 margin10 no-margin-right no-margin-left \" dir=\"ltr\">\n<p>La Haute Autorit\u00e9 de la Presse et de l\u2019Audiovisuel a organis\u00e9, mardi \u00e0 Nouakchott, un atelier de formation pour pr\u00e9senter les m\u00e9canismes appropri\u00e9s pour faire face au piratage des contenus audiovisuels via Internet.<\/p>\n<p>L\u2019atelier, d\u2019une journ\u00e9e, vise \u00e0 diagnostiquer la r\u00e9alit\u00e9 du piratage et \u00e0 imaginer les solutions les plus appropri\u00e9es pour faire face \u00e0 ses r\u00e9percussions n\u00e9gatives sur le secteur de l\u2019audiovisuel.<\/p>\n<p>Les participants assisteront \u00e0 des pr\u00e9sentations d\u2019experts dans le domaine sur le d\u00e9veloppement de l\u2019Internet en Mauritanie, l\u2019exploitation ill\u00e9gale des programmes audiovisuels sur Internet, les fonctions de diffusion et les contenus audiovisuels \u00e0 la lumi\u00e8re des lois en vigueur.<\/p>\n<p>Dans une allocution prononc\u00e9e \u00e0 cette occasion, le pr\u00e9sident de la Haute Autorit\u00e9 de la Presse et de l\u2019Audiovisuel, M. El Housseine Ould Meddou, a indiqu\u00e9 que les efforts des organes de presse et des fournisseurs d\u2019acc\u00e8s \u00e0 Internet doivent \u00eatre conjugu\u00e9s afin de relever les d\u00e9fis auxquels l\u2019espace audiovisuel est confront\u00e9.<\/p>\n<p>En effet, ceci est possible seulement \u00e0 travers la promulgation de lois exigeant la protection de la propri\u00e9t\u00e9 intellectuelle, conform\u00e9ment aux exigences de l\u2019ouverture num\u00e9rique, de la s\u00e9curit\u00e9 requise et de l\u2019am\u00e9lioration de la protection de l\u2019innovation.<\/p>\n<p>Il a ajout\u00e9 que l\u2019\u00e8re num\u00e9rique, bien qu\u2019elle facilite la transmission de l\u2019information, pose d\u2019autres d\u00e9fis qui menacent d\u2019enfreindre les droits des contenus audiovisuels par le biais de canaux alternatifs et ill\u00e9gaux.<\/p>\n<p>Ould Meddou a soulign\u00e9 que les m\u00e9dias souffrent, \u00e0 la lumi\u00e8re de l\u2019\u00e8re de la num\u00e9risation, du piratage de leurs innovations parce du fait de l\u2019absence de protection ad\u00e9quate \u00e0 travers des m\u00e9canismes appropri\u00e9s pour faire face au ph\u00e9nom\u00e8ne du piratage des contenus audiovisuels via Internet.<\/p>\n<p>L\u2019atelier s\u2019est ouvert en pr\u00e9sence du pr\u00e9sident du Commission nationale des Droits de l\u2019Homme, du pr\u00e9sident de l\u2019Autorit\u00e9 de la publicit\u00e9 et d\u2019un certain nombre d\u2019experts dans le domaine de la communication.<\/p>\n<\/div>\n<\/div>\n","protected":false},"excerpt":{"rendered":"<p>La Haute Autorit\u00e9 de la Presse et de l\u2019Audiovisuel a organis\u00e9, mardi \u00e0 Nouakchott, un atelier de formation pour pr\u00e9senter les m\u00e9canismes appropri\u00e9s pour faire face au piratage des contenus audiovisuels via Internet. L\u2019atelier, d\u2019une journ\u00e9e, vise \u00e0 diagnostiquer la r\u00e9alit\u00e9 du piratage et \u00e0 imaginer les solutions les plus appropri\u00e9es pour faire face \u00e0 [&hellip;]<\/p>\n","protected":false},"author":13,"featured_media":236573,"comment_status":"open","ping_status":"open","sticky":false,"template":"","format":"standard","meta":{"footnotes":""},"categories":[63918,63919,63957,63959],"tags":[],"class_list":["post-236563","post","type-post","status-publish","format-standard","has-post-thumbnail","hentry","category-autres","category-choix-du-redacteur","category-fil-dactualite","category-mauritanie"],"_links":{"self":[{"href":"https:\/\/ami.mr\/fr\/wp-json\/wp\/v2\/posts\/236563","targetHints":{"allow":["GET"]}}],"collection":[{"href":"https:\/\/ami.mr\/fr\/wp-json\/wp\/v2\/posts"}],"about":[{"href":"https:\/\/ami.mr\/fr\/wp-json\/wp\/v2\/types\/post"}],"author":[{"embeddable":true,"href":"https:\/\/ami.mr\/fr\/wp-json\/wp\/v2\/users\/13"}],"replies":[{"embeddable":true,"href":"https:\/\/ami.mr\/fr\/wp-json\/wp\/v2\/comments?post=236563"}],"version-history":[{"count":1,"href":"https:\/\/ami.mr\/fr\/wp-json\/wp\/v2\/posts\/236563\/revisions"}],"predecessor-version":[{"id":236575,"href":"https:\/\/ami.mr\/fr\/wp-json\/wp\/v2\/posts\/236563\/revisions\/236575"}],"wp:featuredmedia":[{"embeddable":true,"href":"https:\/\/ami.mr\/fr\/wp-json\/wp\/v2\/media\/236573"}],"wp:attachment":[{"href":"https:\/\/ami.mr\/fr\/wp-json\/wp\/v2\/media?parent=236563"}],"wp:term":[{"taxonomy":"category","embeddable":true,"href":"https:\/\/ami.mr\/fr\/wp-json\/wp\/v2\/categories?post=236563"},{"taxonomy":"post_tag","embeddable":true,"href":"https:\/\/ami.mr\/fr\/wp-json\/wp\/v2\/tags?post=236563"}],"curies":[{"name":"wp","href":"https:\/\/api.w.org\/{rel}","templated":true}]}}