{"id":236539,"date":"2023-12-19T13:11:06","date_gmt":"2023-12-19T13:11:06","guid":{"rendered":"https:\/\/ami.mr\/fr\/?p=236539"},"modified":"2023-12-19T13:11:06","modified_gmt":"2023-12-19T13:11:06","slug":"formation-sur-le-contenu-de-la-loi-directive-agricole-et-pastorale","status":"publish","type":"post","link":"https:\/\/ami.mr\/fr\/archives\/236539","title":{"rendered":"Formation sur le contenu de la loi directive agricole et pastorale"},"content":{"rendered":"<p>Le minist\u00e8re de l\u2019Agriculture a organis\u00e9, lundi dans la ville de S\u00e9libabi, un atelier de formation sur l\u2019explication du contenu de la loi directive agricole et pastorale.<\/p>\n<p>Des repr\u00e9sentants des secteurs de l\u2019environnement, de l\u2019agriculture et de l\u2019eau, de la Commission de la s\u00e9curit\u00e9 alimentaire et de certaines organisations travaillant dans ce domaine participeront \u00e0 cette session de trois jours.<\/p>\n<p>Dans une allocution prononc\u00e9e \u00e0 cette occasion, le conseiller en charge des affaires \u00e9conomiques et du d\u00e9veloppement local, Sidi Mohamed Ould Abderrahmane, a expliqu\u00e9 que cette loi constitue un cadre g\u00e9n\u00e9ral d\u2019intervention dans le domaine agricole et pastoral, en compl\u00e9ment des autres lois qui le r\u00e9gissent, notamment le code pastoral et la loi r\u00e9glementant le code de l\u2019eau, en plus de la loi r\u00e9glementant la propri\u00e9t\u00e9 de l\u2019Etat, ainsi que des textes relatifs aux organisations professionnelles.<\/p>\n<p>Il a ajout\u00e9 que ces textes visent dans leur structure organisationnelle \u00e0 d\u00e9velopper les infrastructures agricoles et pastorales et \u00e0 \u00e9tablir un cadre r\u00e9glementaire pour celles-ci afin de combler le vide juridique en d\u00e9finissant les proc\u00e9dures de mise en place de ces organisations et les m\u00e9canismes de contractualisation organis\u00e9s entre elles et l\u2019Etat.<\/p>\n<p>Le conseiller a indiqu\u00e9 que ces d\u00e9crets ont \u00e9t\u00e9 pr\u00e9par\u00e9s et approuv\u00e9s par le gouvernement en mars 2023, lors du Conseil des ministres tenu dans la ville de N\u00e9ma, en concertation entre les secteurs de l\u2019agriculture, du d\u00e9veloppement animal et de l\u2019Hydraulique.<\/p>\n<p>Le conseiller a soulign\u00e9 que cet atelier a pour objectif d\u2019expliquer et de clarifier le contenu de ces lois aux acteurs de la mise en \u0153uvre de ces textes et de recueillir les avis et observations des acteurs locaux li\u00e9s \u00e0 la mise en place de ces organisations, ce qui r\u00e9pond aux attentes des habitants des zones de d\u00e9veloppement que les autorit\u00e9s r\u00e9gionales portent leurs pr\u00e9occupations et leurs aspirations, remerciant les partenaires au d\u00e9veloppement.<\/p>\n<p>Pour sa part, le ministre de l\u2019Agriculture charg\u00e9 des Affaires juridiques, M. Abdallah Demi Do, a indiqu\u00e9 que l\u2019objectif de cet atelier est de diffuser et de clarifier les lois r\u00e9gissant le domaine agricole et pastoral, notamment les deux d\u00e9crets r\u00e9glementant le maintien, la mise en place et la gestion des organisations agricoles et pastorales en milieu rural.<\/p>\n<p>Il a ajout\u00e9 que ces d\u00e9crets r\u00e9glementent les proc\u00e9dures de passation de march\u00e9s entre ces organisations et les organismes dot\u00e9s de la personnalit\u00e9 publique tels que l\u2019\u00c9tat, les r\u00e9gions et les municipalit\u00e9s, ajoutant que ces d\u00e9crets comblent un vide fondamental puisque l\u2019\u00c9tat construisait chaque ann\u00e9e de nombreuses installations agricoles telles que des barrages et des puits art\u00e9siens, pour lesquels de grandes sommes d\u2019argent sont d\u00e9pens\u00e9es, et lorsqu\u2019elles sont achev\u00e9es, elles restent vuln\u00e9rables aux pertes car il n\u2019y a pas d\u2019organisme responsable d\u2019elles.<\/p>\n<p>Le conseiller a soulign\u00e9 que les lois refl\u00e8tent l\u2019int\u00e9r\u00eat de Son Excellence le Pr\u00e9sident Mohamed Ould Cheikh Ghazouani \u00e0 transf\u00e9rer la responsabilit\u00e9 premi\u00e8re du d\u00e9veloppement agricole aux groupes locaux et \u00e0 leur donner un r\u00f4le tout en pr\u00e9servant ces installations pour accomplir leur devoir.<\/p>\n","protected":false},"excerpt":{"rendered":"<p>Le minist\u00e8re de l\u2019Agriculture a organis\u00e9, lundi dans la ville de S\u00e9libabi, un atelier de formation sur l\u2019explication du contenu de la loi directive agricole et pastorale. Des repr\u00e9sentants des secteurs de l\u2019environnement, de l\u2019agriculture et de l\u2019eau, de la Commission de la s\u00e9curit\u00e9 alimentaire et de certaines organisations travaillant dans ce domaine participeront \u00e0 [&hellip;]<\/p>\n","protected":false},"author":5,"featured_media":236540,"comment_status":"open","ping_status":"open","sticky":false,"template":"","format":"standard","meta":{"footnotes":""},"categories":[63918,63957,8672],"tags":[],"class_list":["post-236539","post","type-post","status-publish","format-standard","has-post-thumbnail","hentry","category-autres","category-fil-dactualite","category-8672"],"_links":{"self":[{"href":"https:\/\/ami.mr\/fr\/wp-json\/wp\/v2\/posts\/236539","targetHints":{"allow":["GET"]}}],"collection":[{"href":"https:\/\/ami.mr\/fr\/wp-json\/wp\/v2\/posts"}],"about":[{"href":"https:\/\/ami.mr\/fr\/wp-json\/wp\/v2\/types\/post"}],"author":[{"embeddable":true,"href":"https:\/\/ami.mr\/fr\/wp-json\/wp\/v2\/users\/5"}],"replies":[{"embeddable":true,"href":"https:\/\/ami.mr\/fr\/wp-json\/wp\/v2\/comments?post=236539"}],"version-history":[{"count":1,"href":"https:\/\/ami.mr\/fr\/wp-json\/wp\/v2\/posts\/236539\/revisions"}],"predecessor-version":[{"id":236541,"href":"https:\/\/ami.mr\/fr\/wp-json\/wp\/v2\/posts\/236539\/revisions\/236541"}],"wp:featuredmedia":[{"embeddable":true,"href":"https:\/\/ami.mr\/fr\/wp-json\/wp\/v2\/media\/236540"}],"wp:attachment":[{"href":"https:\/\/ami.mr\/fr\/wp-json\/wp\/v2\/media?parent=236539"}],"wp:term":[{"taxonomy":"category","embeddable":true,"href":"https:\/\/ami.mr\/fr\/wp-json\/wp\/v2\/categories?post=236539"},{"taxonomy":"post_tag","embeddable":true,"href":"https:\/\/ami.mr\/fr\/wp-json\/wp\/v2\/tags?post=236539"}],"curies":[{"name":"wp","href":"https:\/\/api.w.org\/{rel}","templated":true}]}}