{"id":236203,"date":"2023-12-14T20:34:58","date_gmt":"2023-12-14T20:34:58","guid":{"rendered":"https:\/\/ami.mr\/fr\/?p=236203"},"modified":"2023-12-14T20:34:58","modified_gmt":"2023-12-14T20:34:58","slug":"le-gouvernement-donne-des-instructions-pour-evacuer-un-nouveau-ne-atteint-dune-malformation-congenitale-rare","status":"publish","type":"post","link":"https:\/\/ami.mr\/fr\/archives\/236203","title":{"rendered":"Le gouvernement donne des instructions pour \u00e9vacuer un nouveau-n\u00e9 atteint d\u2019une malformation cong\u00e9nitale rare"},"content":{"rendered":"<p>La ministre de l\u2019Action sociale, de l\u2019Enfance et de la Famille, Mme Savia N\u2019Tahah, accompagn\u00e9e de la ministre de la Sant\u00e9, Naha Hamdi Mouknass, a rendu jeudi une visite de soutien aux parents d\u2019un nouveau-n\u00e9 souffrant d\u2019une malformation rare au Centre Hospitalier M\u00e8re-enfant de Nouakchott-Ouest.<\/p>\n<p>Les deux ministres ont re\u00e7u des explications des m\u00e9decins assurant le suivi direct de l\u2019\u00e9tat de sant\u00e9 de l\u2019enfant, et la nature de son atteinte, car l\u2019enfant Mohamed Ould Sidi Ould El Ban, n\u00e9 le 14 novembre 2023 dans la ville d\u2019Aioun, souffre d\u2019une malformation cong\u00e9nitale repr\u00e9sent\u00e9e par une ouverture dans la poitrine et la sortie du c\u0153ur et du foie de leurs lieux habituels.<\/p>\n<p>Les ministres ont assur\u00e9 les parents de la disponibilit\u00e9 du gouvernement et de sa volont\u00e9 de se tenir \u00e0 leurs c\u00f4t\u00e9s et de prendre toutes les mesures n\u00e9cessaires pour assurer son traitement, en application des engagements de Son Excellence le Pr\u00e9sident de la R\u00e9publique, M. Mohamed Ould Cheikh El Ghazouani, relatifs \u00e0 la prise en charge des groupes vuln\u00e9rables.<\/p>\n<p>De son c\u00f4t\u00e9, le porte-parole de la famille de l\u2019enfant, le Dr Mohamedou Yahya Ali, a salu\u00e9 les efforts du personnel m\u00e9dical qui a pris en charge le cas, soulignant qu\u2019il est l\u2019un des meilleurs personnels m\u00e9dicaux du pays, et qu\u2019il dispose de tout l\u2019\u00e9quipement n\u00e9cessaire pour prendre en charge ce type de cas complexes.<\/p>\n<p>Il a ajout\u00e9 que la d\u00e9l\u00e9gation minist\u00e9rielle qui a examin\u00e9 le cas a donn\u00e9 des instructions pour prendre soin de l\u2019enfant et travailler \u00e0 son \u00e9vacuation vers le meilleur centre hospitalier au monde pour qu\u2019il soit soign\u00e9 aux frais de l\u2019\u00c9tat.<\/p>\n","protected":false},"excerpt":{"rendered":"<p>La ministre de l\u2019Action sociale, de l\u2019Enfance et de la Famille, Mme Savia N\u2019Tahah, accompagn\u00e9e de la ministre de la Sant\u00e9, Naha Hamdi Mouknass, a rendu jeudi une visite de soutien aux parents d\u2019un nouveau-n\u00e9 souffrant d\u2019une malformation rare au Centre Hospitalier M\u00e8re-enfant de Nouakchott-Ouest. Les deux ministres ont re\u00e7u des explications des m\u00e9decins assurant [&hellip;]<\/p>\n","protected":false},"author":13,"featured_media":236193,"comment_status":"open","ping_status":"open","sticky":false,"template":"","format":"standard","meta":{"footnotes":""},"categories":[63918,63919,63957,63959,63927],"tags":[],"class_list":["post-236203","post","type-post","status-publish","format-standard","has-post-thumbnail","hentry","category-autres","category-choix-du-redacteur","category-fil-dactualite","category-mauritanie","category-slider-mauritanie"],"_links":{"self":[{"href":"https:\/\/ami.mr\/fr\/wp-json\/wp\/v2\/posts\/236203","targetHints":{"allow":["GET"]}}],"collection":[{"href":"https:\/\/ami.mr\/fr\/wp-json\/wp\/v2\/posts"}],"about":[{"href":"https:\/\/ami.mr\/fr\/wp-json\/wp\/v2\/types\/post"}],"author":[{"embeddable":true,"href":"https:\/\/ami.mr\/fr\/wp-json\/wp\/v2\/users\/13"}],"replies":[{"embeddable":true,"href":"https:\/\/ami.mr\/fr\/wp-json\/wp\/v2\/comments?post=236203"}],"version-history":[{"count":1,"href":"https:\/\/ami.mr\/fr\/wp-json\/wp\/v2\/posts\/236203\/revisions"}],"predecessor-version":[{"id":236204,"href":"https:\/\/ami.mr\/fr\/wp-json\/wp\/v2\/posts\/236203\/revisions\/236204"}],"wp:featuredmedia":[{"embeddable":true,"href":"https:\/\/ami.mr\/fr\/wp-json\/wp\/v2\/media\/236193"}],"wp:attachment":[{"href":"https:\/\/ami.mr\/fr\/wp-json\/wp\/v2\/media?parent=236203"}],"wp:term":[{"taxonomy":"category","embeddable":true,"href":"https:\/\/ami.mr\/fr\/wp-json\/wp\/v2\/categories?post=236203"},{"taxonomy":"post_tag","embeddable":true,"href":"https:\/\/ami.mr\/fr\/wp-json\/wp\/v2\/tags?post=236203"}],"curies":[{"name":"wp","href":"https:\/\/api.w.org\/{rel}","templated":true}]}}