{"id":236189,"date":"2023-12-14T21:11:35","date_gmt":"2023-12-14T21:11:35","guid":{"rendered":"https:\/\/ami.mr\/fr\/?p=236189"},"modified":"2023-12-14T21:11:35","modified_gmt":"2023-12-14T21:11:35","slug":"reunion-du-comite-ministeriel-charge-de-la-lutte-contre-le-sida","status":"publish","type":"post","link":"https:\/\/ami.mr\/fr\/archives\/236189","title":{"rendered":"R\u00e9union du comit\u00e9 minist\u00e9riel charg\u00e9 de la lutte contre le sida"},"content":{"rendered":"<div class=\"cell auto-size\">\n<div class=\"set-border bd-gray padding10 margin10 no-margin-right no-margin-left \" dir=\"ltr\">\n<p>Le Premier ministre M. Mohamed Ould Bilal Messoud a pr\u00e9sid\u00e9 jeudi apr\u00e8s- midi une r\u00e9union du comit\u00e9 minist\u00e9riel charg\u00e9 de la lutte contre le sida.<\/p>\n<p>Au cours de la r\u00e9union, une pr\u00e9sentation a \u00e9t\u00e9 faite par le secr\u00e9tariat g\u00e9n\u00e9ral du Comit\u00e9 national de lutte contre le sida sur les r\u00e9sultats des ann\u00e9es 2022 et 2023 et sur le programme \u00e0 mettre en \u0153uvre pour l\u2019ann\u00e9e 2024 afin d\u2019atteindre les objectifs du plan national de r\u00e9duction des atteintes par cette maladie \u00e0 l\u2019horizon 2030.<\/p>\n<p>Apr\u00e8s discussion et d\u00e9lib\u00e9ration, le Premier ministre a donn\u00e9 ses instructions pour prendre les mesures n\u00e9cessaires afin de participer aux processus de mobilisation et de sensibilisation contre les dangers de cette maladie incurable, et a engag\u00e9 le secr\u00e9tariat ex\u00e9cutif \u00e0 \u0153uvrer \u00e0 l\u2019activation des instances sectorielles afin de proc\u00e9der \u00e0 une relance d\u2019une action nationale coordonn\u00e9e et int\u00e9gr\u00e9e pouvant constituer une base pour la lutte contre cette maladie dans notre pays.<\/p>\n<\/div>\n<\/div>\n","protected":false},"excerpt":{"rendered":"<p>Le Premier ministre M. Mohamed Ould Bilal Messoud a pr\u00e9sid\u00e9 jeudi apr\u00e8s- midi une r\u00e9union du comit\u00e9 minist\u00e9riel charg\u00e9 de la lutte contre le sida. Au cours de la r\u00e9union, une pr\u00e9sentation a \u00e9t\u00e9 faite par le secr\u00e9tariat g\u00e9n\u00e9ral du Comit\u00e9 national de lutte contre le sida sur les r\u00e9sultats des ann\u00e9es 2022 et 2023 [&hellip;]<\/p>\n","protected":false},"author":13,"featured_media":236174,"comment_status":"open","ping_status":"open","sticky":false,"template":"","format":"standard","meta":{"footnotes":""},"categories":[63919,63957,63959,63921,63927],"tags":[],"class_list":["post-236189","post","type-post","status-publish","format-standard","has-post-thumbnail","hentry","category-choix-du-redacteur","category-fil-dactualite","category-mauritanie","category-slider-afficher","category-slider-mauritanie"],"_links":{"self":[{"href":"https:\/\/ami.mr\/fr\/wp-json\/wp\/v2\/posts\/236189","targetHints":{"allow":["GET"]}}],"collection":[{"href":"https:\/\/ami.mr\/fr\/wp-json\/wp\/v2\/posts"}],"about":[{"href":"https:\/\/ami.mr\/fr\/wp-json\/wp\/v2\/types\/post"}],"author":[{"embeddable":true,"href":"https:\/\/ami.mr\/fr\/wp-json\/wp\/v2\/users\/13"}],"replies":[{"embeddable":true,"href":"https:\/\/ami.mr\/fr\/wp-json\/wp\/v2\/comments?post=236189"}],"version-history":[{"count":1,"href":"https:\/\/ami.mr\/fr\/wp-json\/wp\/v2\/posts\/236189\/revisions"}],"predecessor-version":[{"id":236191,"href":"https:\/\/ami.mr\/fr\/wp-json\/wp\/v2\/posts\/236189\/revisions\/236191"}],"wp:featuredmedia":[{"embeddable":true,"href":"https:\/\/ami.mr\/fr\/wp-json\/wp\/v2\/media\/236174"}],"wp:attachment":[{"href":"https:\/\/ami.mr\/fr\/wp-json\/wp\/v2\/media?parent=236189"}],"wp:term":[{"taxonomy":"category","embeddable":true,"href":"https:\/\/ami.mr\/fr\/wp-json\/wp\/v2\/categories?post=236189"},{"taxonomy":"post_tag","embeddable":true,"href":"https:\/\/ami.mr\/fr\/wp-json\/wp\/v2\/tags?post=236189"}],"curies":[{"name":"wp","href":"https:\/\/api.w.org\/{rel}","templated":true}]}}