{"id":236179,"date":"2023-12-14T20:24:22","date_gmt":"2023-12-14T20:24:22","guid":{"rendered":"https:\/\/ami.mr\/fr\/?p=236179"},"modified":"2023-12-14T20:24:22","modified_gmt":"2023-12-14T20:24:22","slug":"le-ministere-de-la-sante-celebre-la-journee-mondiale-de-la-couverture-sanitaire-universelle","status":"publish","type":"post","link":"https:\/\/ami.mr\/fr\/archives\/236179","title":{"rendered":"Le minist\u00e8re de la sant\u00e9 c\u00e9l\u00e8bre la journ\u00e9e mondiale de la couverture sanitaire universelle"},"content":{"rendered":"<div class=\"cell auto-size\">\n<div class=\"set-border bd-gray padding10 margin10 no-margin-right no-margin-left \" dir=\"ltr\">\n<p>La Cellule de D\u00e9veloppement Sanitaire relevant de la Coordination Sectorielle du Programme \u2018\u2019Mes Priorit\u00e9s\u2019\u2019 du Pr\u00e9sident de la R\u00e9publique, a organis\u00e9, jeudi \u00e0 Nouakchott, une c\u00e9r\u00e9monie pour comm\u00e9morer la Journ\u00e9e Mondiale de la Couverture Sanitaire Universelle \u00e0 l\u2019instar de la Communaut\u00e9 internationale, qui co\u00efncide avec le 12 d\u00e9cembre de chaque ann\u00e9e, sous le th\u00e8me \u00ab Le minist\u00e8re de la Sant\u00e9 et ses partenaires s\u2019efforcent de respecter l\u2019engagement de Son Excellence le Pr\u00e9sident de la R\u00e9publique, M. Mohamed Ould Cheikh El Ghazouani, \u00ab que personne ne soit abandonn\u00e9 ni laiss\u00e9 pour compte \u00bb.<\/p>\n<p>Le minist\u00e8re, avec ses partenaires, s\u2019attache \u00e0 mettre en \u0153uvre l\u2019engagement de Son Excellence Monsieur le Pr\u00e9sident de la R\u00e9publique, notamment dans le domaine de la sant\u00e9 et \u00e0 mettre en exergue les progr\u00e8s r\u00e9alis\u00e9s par le gouvernement sur le chemin de la couverture sanitaire universelle, \u00e0 atteindre d\u2019ici 2030.<\/p>\n<p>La ministre de la Sant\u00e9, Mme Naha Hamdi Mouknass, a exprim\u00e9 sa joie d\u2019assister \u00e0 la c\u00e9l\u00e9bration de la Journ\u00e9e mondiale de la Couverture Sanitaire Universelle, expliquant que le d\u00e9partement a redoubl\u00e9 d\u2019efforts pour r\u00e9aliser l\u2019engagement de Son Excellence le Pr\u00e9sident de la R\u00e9publique \u00ab que personne ne soit abandonn\u00e9 ni laiss\u00e9 pour compte \u00bb.<\/p>\n<p>Elle a indiqu\u00e9 que le quatri\u00e8me programme du plan de d\u00e9veloppement a \u00e9t\u00e9 consacr\u00e9 au renforcement du syst\u00e8me de sant\u00e9 afin d\u2019assurer la r\u00e9alisation de la couverture sanitaire universelle d\u2019ici 2030, expliquant que le minist\u00e8re a pu faire des progr\u00e8s importants dans la r\u00e9alisation de la couverture sanitaire universelle.<\/p>\n<p>Elle a rappel\u00e9 les r\u00e9alisations r\u00e9alis\u00e9es dans le domaine de la sant\u00e9, \u00e0 commencer par la gouvernance du secteur, le rapprochement de l\u2019offre de services vers les plus vuln\u00e9rables, les infrastructures, les plateaux techniques, la fourniture de m\u00e9dicaments de haute qualit\u00e9, en passant par la r\u00e9forme de l\u2019administration et de la gestion rigoureuse des ressources humaines dans le secteur.<\/p>\n<p>La ministre a appel\u00e9 toutes les parties concern\u00e9es \u00e0 conjuguer leurs efforts pour atteindre l\u2019objectif fix\u00e9 afin que personne ne reste \u00e0 l\u2019\u00e9cart ni soit marginalis\u00e9, comme l\u2019a ordonn\u00e9 Son Excellence le Pr\u00e9sident de la R\u00e9publique.<\/p>\n<p>Pour sa part, le chef de la d\u00e9l\u00e9gation de l\u2019Union europ\u00e9enne en Mauritanie, M. Jean-Marc Doer, a r\u00e9it\u00e9r\u00e9 l\u2019engagement de l\u2019UE \u00e0 soutenir la Mauritanie dans le domaine de la sant\u00e9, notant l\u2019importance pour l\u2019UE de l\u2019acc\u00e8s \u00e0 des soins de sant\u00e9 de qualit\u00e9.<\/p>\n<p>Il a appel\u00e9 tout le monde, chacun \u00e0 partir de sa position, \u00e0 poursuivre leurs actions pour parvenir \u00e0 une couverture sanitaire universelle et d\u00e9cente. Pour sa part, le repr\u00e9sentant de l\u2019Organisation Mondiale de la sant\u00e9 par int\u00e9rim, M. Nicolas Nkeri, a d\u00e9clar\u00e9 que la jouissance de la sant\u00e9 est le droit de chaque citoyen dans le monde, et qu\u2019il est du devoir des \u00c9tats de garantir ce droit pour tous, expliquant que la r\u00e9alisation de la couverture sanitaire universelle reste le meilleur moyen pour les pays de garantir \u00e0 chaque citoyen les soins de sant\u00e9 dont il a besoin, quand et o\u00f9 il en a besoin, sans faire face \u00e0 des difficult\u00e9s financi\u00e8res.<\/p>\n<\/div>\n<\/div>\n","protected":false},"excerpt":{"rendered":"<p>La Cellule de D\u00e9veloppement Sanitaire relevant de la Coordination Sectorielle du Programme \u2018\u2019Mes Priorit\u00e9s\u2019\u2019 du Pr\u00e9sident de la R\u00e9publique, a organis\u00e9, jeudi \u00e0 Nouakchott, une c\u00e9r\u00e9monie pour comm\u00e9morer la Journ\u00e9e Mondiale de la Couverture Sanitaire Universelle \u00e0 l\u2019instar de la Communaut\u00e9 internationale, qui co\u00efncide avec le 12 d\u00e9cembre de chaque ann\u00e9e, sous le th\u00e8me \u00ab [&hellip;]<\/p>\n","protected":false},"author":13,"featured_media":236173,"comment_status":"open","ping_status":"open","sticky":false,"template":"","format":"standard","meta":{"footnotes":""},"categories":[63920,63919,63957,63959,63927],"tags":[],"class_list":["post-236179","post","type-post","status-publish","format-standard","has-post-thumbnail","hentry","category-a-la-une","category-choix-du-redacteur","category-fil-dactualite","category-mauritanie","category-slider-mauritanie"],"_links":{"self":[{"href":"https:\/\/ami.mr\/fr\/wp-json\/wp\/v2\/posts\/236179","targetHints":{"allow":["GET"]}}],"collection":[{"href":"https:\/\/ami.mr\/fr\/wp-json\/wp\/v2\/posts"}],"about":[{"href":"https:\/\/ami.mr\/fr\/wp-json\/wp\/v2\/types\/post"}],"author":[{"embeddable":true,"href":"https:\/\/ami.mr\/fr\/wp-json\/wp\/v2\/users\/13"}],"replies":[{"embeddable":true,"href":"https:\/\/ami.mr\/fr\/wp-json\/wp\/v2\/comments?post=236179"}],"version-history":[{"count":1,"href":"https:\/\/ami.mr\/fr\/wp-json\/wp\/v2\/posts\/236179\/revisions"}],"predecessor-version":[{"id":236180,"href":"https:\/\/ami.mr\/fr\/wp-json\/wp\/v2\/posts\/236179\/revisions\/236180"}],"wp:featuredmedia":[{"embeddable":true,"href":"https:\/\/ami.mr\/fr\/wp-json\/wp\/v2\/media\/236173"}],"wp:attachment":[{"href":"https:\/\/ami.mr\/fr\/wp-json\/wp\/v2\/media?parent=236179"}],"wp:term":[{"taxonomy":"category","embeddable":true,"href":"https:\/\/ami.mr\/fr\/wp-json\/wp\/v2\/categories?post=236179"},{"taxonomy":"post_tag","embeddable":true,"href":"https:\/\/ami.mr\/fr\/wp-json\/wp\/v2\/tags?post=236179"}],"curies":[{"name":"wp","href":"https:\/\/api.w.org\/{rel}","templated":true}]}}