{"id":236163,"date":"2023-12-14T17:52:22","date_gmt":"2023-12-14T17:52:22","guid":{"rendered":"https:\/\/ami.mr\/fr\/?p=236163"},"modified":"2023-12-14T17:54:56","modified_gmt":"2023-12-14T17:54:56","slug":"bruxelles-reunion-de-haut-niveau-mauritano-europeenne-sur-la-migration-illegale-et-les-refugies","status":"publish","type":"post","link":"https:\/\/ami.mr\/fr\/archives\/236163","title":{"rendered":"Bruxelles : r\u00e9union de haut niveau mauritano-europ\u00e9\u00e9nne sur la migration ill\u00e9gale et les r\u00e9fugi\u00e9s"},"content":{"rendered":"<div class=\"cell auto-size\">\n<div class=\"set-border bd-gray padding10 margin10 no-margin-right no-margin-left \" dir=\"ltr\">\n<p>Bruxelles, la capitale belge, a abrit\u00e9, lundi, une rencontre de haut niveau r\u00e9unissant l\u2019Union europ\u00e9enne, l\u2019Espagne, la France et l\u2019Allemagne, pour examiner le ph\u00e9nom\u00e8ne de la migration ill\u00e9gale et le flux croissant de r\u00e9fugi\u00e9s vers la Mauritanie, en plus des risques et dommages que cela pourrait engendrer.<\/p>\n<p>C\u00f4t\u00e9 mauritanien, ont pris part \u00e0 la r\u00e9union le secr\u00e9taire g\u00e9n\u00e9ral du minist\u00e8re de l\u2019Int\u00e9rieur et de la D\u00e9centralisation, le directeur g\u00e9n\u00e9ral de la S\u00e9curit\u00e9 Nationale, les secr\u00e9taires g\u00e9n\u00e9raux de plusieurs de plusieurs minist\u00e8res, le d\u00e9l\u00e9gu\u00e9 g\u00e9n\u00e9ral \u00e0 la S\u00e9curit\u00e9 Civile et \u00e0 la Gestion des Crises, le Commandant des Garde-C\u00f4tes, le directeur g\u00e9n\u00e9ral de l\u2019Administration R\u00e9gionale, le Commandant de la R\u00e9gion Ouest de la Gendarmerie Nationale, le directeur de la Police de l\u2019Air et des Fronti\u00e8res, et les premiers conseillers \u00e0 l\u2019ambassade de notre pays aupr\u00e8s de l\u2019Union Europ\u00e9enne.<\/p>\n<p>C\u00f4t\u00e9 europ\u00e9en, vingt-trois hauts fonctionnaires \u00e9taient pr\u00e9sents repr\u00e9sentant la direction g\u00e9n\u00e9rale des migrations et des affaires int\u00e9rieures, la direction g\u00e9n\u00e9rale des partenariats internationaux, parmi d\u2019autres structures.<\/p>\n<p>Au cours de la r\u00e9union, notre d\u00e9l\u00e9gation a fait une pr\u00e9sentation d\u00e9taill\u00e9e des d\u00e9fis et des probl\u00e8mes auxquels la Mauritanie est confront\u00e9e en raison de l\u2019augmentation du nombre de r\u00e9fugi\u00e9s et de l\u2019immigration clandestine, bien qu\u2019elle ne soit ni un pays d\u2019origine ni un pays de destination pour les migrants, c\u2019est dire la pression exerc\u00e9e sur les services publics, les opportunit\u00e9s d\u2019emploi et les ressources naturelles.<\/p>\n<p>La d\u00e9l\u00e9gation a, \u00e9galement, abord\u00e9 les priorit\u00e9s li\u00e9es \u00e0 la coop\u00e9ration avec l\u2019Europe \u00e0 cet \u00e9gard, \u00e0 court, moyen et long termes, dans le cadre d\u2019un partenariat strat\u00e9gique qui tient compte des int\u00e9r\u00eats communs des deux parties \u00e0 travers l\u2019\u00e9laboration d\u2019un accord-cadre appropri\u00e9 entre la Mauritanie et l\u2019Union europ\u00e9enne, en plus de la r\u00e9vision et la mise \u00e0 jour des accords bilat\u00e9raux, en particulier ceux qui lient notre pays et le Royaume d\u2019Espagne.<\/p>\n<p>La partie europ\u00e9enne a montr\u00e9 une grande appr\u00e9ciation de la Mauritanie et de sa position en tant que partenaire strat\u00e9gique cr\u00e9dible, et a not\u00e9 le niveau de partenariat avec notre pays, donnant une pr\u00e9sentation d\u00e9taill\u00e9e de la coop\u00e9ration qu\u2019elle a avec notre pays dans divers domaines, et a montr\u00e9 une r\u00e9ponse forte aux propositions, aspirations et propositions de la partie mauritanienne au cours de la r\u00e9union.<\/p>\n<p>En ce qui concerne la migration l\u00e9gale, notre d\u00e9l\u00e9gation a appel\u00e9 \u00e0 augmenter le quota de visas accord\u00e9s \u00e0 la Mauritanie, tout en en facilitant les proc\u00e9dures, en particulier pour les patients, les chercheurs et les experts, les \u00e9tudiants, les jeunes demandeurs d\u2019emploi, les hommes d\u2019affaires, la presse, les responsables des groupes locaux, les organisations de la soci\u00e9t\u00e9 civile et les touristes, et supprimant le visa sur les passeports diplomatiques et de travail vers les pays membres de l\u2019Union europ\u00e9enne.<\/p>\n<p>En outre, la r\u00e9union a d\u00e9cid\u00e9 la mise en place d\u2019un m\u00e9canisme permettant la poursuite des consultations entre les deux parties dans le cadre de la Haute Commission mixte (dans sa r\u00e9union de composition \u00e0 Bruxelles), avec la nomination d\u2019un officier de liaison pour chaque partie, la formation d\u2019\u00e9quipes techniques sp\u00e9cialis\u00e9es et la programmation de r\u00e9unions r\u00e9guli\u00e8res.<\/p>\n<p>Elle a, par ailleurs, pris l\u2019engagement de pr\u00e9parer un projet de document-cadre sur la coop\u00e9ration dans le domaine de la migration \u00e0 partir du mois de janvier prochain, qui sera discut\u00e9 et sign\u00e9 par le gouvernement mauritanien et le pr\u00e9sident de la Commission de l\u2019Union europ\u00e9enne.<\/p>\n<\/div>\n<\/div>\n","protected":false},"excerpt":{"rendered":"<p>Bruxelles, la capitale belge, a abrit\u00e9, lundi, une rencontre de haut niveau r\u00e9unissant l\u2019Union europ\u00e9enne, l\u2019Espagne, la France et l\u2019Allemagne, pour examiner le ph\u00e9nom\u00e8ne de la migration ill\u00e9gale et le flux croissant de r\u00e9fugi\u00e9s vers la Mauritanie, en plus des risques et dommages que cela pourrait engendrer. C\u00f4t\u00e9 mauritanien, ont pris part \u00e0 la r\u00e9union [&hellip;]<\/p>\n","protected":false},"author":13,"featured_media":236164,"comment_status":"open","ping_status":"open","sticky":false,"template":"","format":"standard","meta":{"footnotes":""},"categories":[63918,63919,63957,63959,63927],"tags":[],"class_list":["post-236163","post","type-post","status-publish","format-standard","has-post-thumbnail","hentry","category-autres","category-choix-du-redacteur","category-fil-dactualite","category-mauritanie","category-slider-mauritanie"],"_links":{"self":[{"href":"https:\/\/ami.mr\/fr\/wp-json\/wp\/v2\/posts\/236163","targetHints":{"allow":["GET"]}}],"collection":[{"href":"https:\/\/ami.mr\/fr\/wp-json\/wp\/v2\/posts"}],"about":[{"href":"https:\/\/ami.mr\/fr\/wp-json\/wp\/v2\/types\/post"}],"author":[{"embeddable":true,"href":"https:\/\/ami.mr\/fr\/wp-json\/wp\/v2\/users\/13"}],"replies":[{"embeddable":true,"href":"https:\/\/ami.mr\/fr\/wp-json\/wp\/v2\/comments?post=236163"}],"version-history":[{"count":1,"href":"https:\/\/ami.mr\/fr\/wp-json\/wp\/v2\/posts\/236163\/revisions"}],"predecessor-version":[{"id":236167,"href":"https:\/\/ami.mr\/fr\/wp-json\/wp\/v2\/posts\/236163\/revisions\/236167"}],"wp:featuredmedia":[{"embeddable":true,"href":"https:\/\/ami.mr\/fr\/wp-json\/wp\/v2\/media\/236164"}],"wp:attachment":[{"href":"https:\/\/ami.mr\/fr\/wp-json\/wp\/v2\/media?parent=236163"}],"wp:term":[{"taxonomy":"category","embeddable":true,"href":"https:\/\/ami.mr\/fr\/wp-json\/wp\/v2\/categories?post=236163"},{"taxonomy":"post_tag","embeddable":true,"href":"https:\/\/ami.mr\/fr\/wp-json\/wp\/v2\/tags?post=236163"}],"curies":[{"name":"wp","href":"https:\/\/api.w.org\/{rel}","templated":true}]}}