{"id":236153,"date":"2023-12-14T16:42:43","date_gmt":"2023-12-14T16:42:43","guid":{"rendered":"https:\/\/ami.mr\/fr\/?p=236153"},"modified":"2023-12-14T18:03:23","modified_gmt":"2023-12-14T18:03:23","slug":"atelier-autour-du-role-des-acteurs-dans-le-domaine-des-industries-extractives","status":"publish","type":"post","link":"https:\/\/ami.mr\/fr\/archives\/236153","title":{"rendered":"Atelier autour du r\u00f4le des acteurs dans le domaine des industries extractives"},"content":{"rendered":"<p>Le minist\u00e8re de l\u2019Economie et du D\u00e9veloppement durable a organis\u00e9, jeudi Akjoujt, un atelier de sensibilisation sur les r\u00f4les et responsabilit\u00e9s des acteurs dans le domaine des industries extractives, au profit des organisations de la soci\u00e9t\u00e9 civile et des acteurs publics et priv\u00e9s dans la Wilaya.<\/p>\n<p>L\u2019atelier, de deux jours, vise \u00e0 contribuer \u00e0 l\u2019int\u00e9gration des industries extractives dans le circuit l\u2019\u00e9conomique national \u00e0 travers la participation des diff\u00e9rents acteurs dans ce domaine.<\/p>\n<p>Dans une allocution prononc\u00e9e \u00e0 cette occasion, le wali de l\u2019Inchiri, M. Idrissa Demba Corera, a soulign\u00e9 que les industries extractives constituent une ressource strat\u00e9gique pour notre pays et un moteur essentiel d\u2019une croissance \u00e9conomique soutenue, inclusive et durable r\u00e9pondant aux besoins fondamentaux de la population en mati\u00e8re du bien-\u00eatre \u00e9conomique et social.<\/p>\n<p>Il a indiqu\u00e9 que la participation des diff\u00e9rents acteurs des publics et priv\u00e9s et leurs responsabilit\u00e9s dans le respect de l\u2019environnement et des droits des populations feront de l\u2019industrie extractive un garant de s\u00e9curit\u00e9 conduisant \u00e0 un d\u00e9veloppement durable.<\/p>\n<p>M. Corera a soulign\u00e9 que l\u2019\u00c9tat joue un r\u00f4le central dans ce domaine \u00e0 travers la promulgation de lois sur les industries extractives, signalant que les entreprises ont des responsabilit\u00e9s fondamentales, \u00e0 commencer par le respect des normes internationales de transparence, la contribution au d\u00e9veloppement local et la cr\u00e9ation d\u2019opportunit\u00e9s d\u2019emploi.<\/p>\n<p>Do son c\u00f4t\u00e9, le maire d\u2019Akjoujt, Dahi Ould El Mami, a salu\u00e9 cet atelier qui contribuera \u00e0 renforcer le r\u00f4le des acteurs et intervenants au niveau de la Wilaya, ajoutant que l\u2019atelier vise \u00e0 renforcer la communication et la transparence entre les diff\u00e9rents acteurs dans le domaine des industries extractives, renfor\u00e7ant les infrastructures et \u00e0 offrant des opportunit\u00e9s d\u2019emploi aux jeunes.<\/p>\n<p>Pour sa part, le repr\u00e9sentant du Programme des Nations Unies pour le D\u00e9veloppement (PNUD) \u00e0 l\u2019atelier, M. Hammoud Ould Sid\u2019Ahmed, a indiqu\u00e9 que l\u2019atelier repr\u00e9sente une occasion d\u2019\u00e9changer sur de nombreuses questions li\u00e9es aux industries extractives et l\u2019\u00e9laboration des recommandations pour am\u00e9liorer la gestion de ces industries avec la participation des populations locales, qui sont souvent les premi\u00e8res concern\u00e9es par ces activit\u00e9s.<\/p>\n<p>L\u2019atelier a \u00e9t\u00e9 ouvert en pr\u00e9sence du hakem d\u2019Akjoujt, d\u2019un repr\u00e9sentant du Comit\u00e9 national del\u2019initiative pour la transparence dans les industries extractives, au c\u00f4t\u00e9 de dirigeants des autorit\u00e9s militaires et de s\u00e9curit\u00e9 de la Wilaya.<\/p>\n","protected":false},"excerpt":{"rendered":"<p>Le minist\u00e8re de l\u2019Economie et du D\u00e9veloppement durable a organis\u00e9, jeudi Akjoujt, un atelier de sensibilisation sur les r\u00f4les et responsabilit\u00e9s des acteurs dans le domaine des industries extractives, au profit des organisations de la soci\u00e9t\u00e9 civile et des acteurs publics et priv\u00e9s dans la Wilaya. L\u2019atelier, de deux jours, vise \u00e0 contribuer \u00e0 l\u2019int\u00e9gration [&hellip;]<\/p>\n","protected":false},"author":13,"featured_media":236157,"comment_status":"open","ping_status":"open","sticky":false,"template":"","format":"standard","meta":{"footnotes":""},"categories":[63918,63919,63923,8672],"tags":[],"class_list":["post-236153","post","type-post","status-publish","format-standard","has-post-thumbnail","hentry","category-autres","category-choix-du-redacteur","category-slider-wilayas","category-8672"],"_links":{"self":[{"href":"https:\/\/ami.mr\/fr\/wp-json\/wp\/v2\/posts\/236153","targetHints":{"allow":["GET"]}}],"collection":[{"href":"https:\/\/ami.mr\/fr\/wp-json\/wp\/v2\/posts"}],"about":[{"href":"https:\/\/ami.mr\/fr\/wp-json\/wp\/v2\/types\/post"}],"author":[{"embeddable":true,"href":"https:\/\/ami.mr\/fr\/wp-json\/wp\/v2\/users\/13"}],"replies":[{"embeddable":true,"href":"https:\/\/ami.mr\/fr\/wp-json\/wp\/v2\/comments?post=236153"}],"version-history":[{"count":1,"href":"https:\/\/ami.mr\/fr\/wp-json\/wp\/v2\/posts\/236153\/revisions"}],"predecessor-version":[{"id":236158,"href":"https:\/\/ami.mr\/fr\/wp-json\/wp\/v2\/posts\/236153\/revisions\/236158"}],"wp:featuredmedia":[{"embeddable":true,"href":"https:\/\/ami.mr\/fr\/wp-json\/wp\/v2\/media\/236157"}],"wp:attachment":[{"href":"https:\/\/ami.mr\/fr\/wp-json\/wp\/v2\/media?parent=236153"}],"wp:term":[{"taxonomy":"category","embeddable":true,"href":"https:\/\/ami.mr\/fr\/wp-json\/wp\/v2\/categories?post=236153"},{"taxonomy":"post_tag","embeddable":true,"href":"https:\/\/ami.mr\/fr\/wp-json\/wp\/v2\/tags?post=236153"}],"curies":[{"name":"wp","href":"https:\/\/api.w.org\/{rel}","templated":true}]}}