{"id":236150,"date":"2023-12-14T16:27:09","date_gmt":"2023-12-14T16:27:09","guid":{"rendered":"https:\/\/ami.mr\/fr\/?p=236150"},"modified":"2023-12-14T16:27:09","modified_gmt":"2023-12-14T16:27:09","slug":"le-ministre-de-la-fonction-publique-la-mauritanie-fait-tout-pour-ameliorer-les-conditions-de-linvestissement","status":"publish","type":"post","link":"https:\/\/ami.mr\/fr\/archives\/236150","title":{"rendered":"Le ministre de la Fonction publique : la Mauritanie fait tout pour am\u00e9liorer les conditions de l\u2019investissement"},"content":{"rendered":"<p>Le ministre de la Fonction publique et du Travail, Sidi Yahya Ould Cheikhna Lemrabot, a indiqu\u00e9 que le march\u00e9 du travail en Mauritanie tourne principalement autour des secteurs de la p\u00eache et des mines.<\/p>\n<p>Dans ce contexte, la Mauritanie travaille depuis l\u2019accession au pouvoir de Son Excellence le Pr\u00e9sident de la R\u00e9publique, M. Mohamed Ould Cheikh El Ghazouani, \u00e0 moderniser le syst\u00e8me de l\u2019emploi et \u00e0 am\u00e9liorer le fonctionnement de la justice pour cr\u00e9er les bonnes conditions des opportunit\u00e9s de l\u2019investissement et de l\u2019emploi.<\/p>\n<p>Prenant part, jeudi, aux travaux de la Conf\u00e9rence internationale sur le march\u00e9 du travail au Royaume d\u2019Arabie saoudite, il a indiqu\u00e9 que la l\u00e9gislation nationale a \u00e9t\u00e9 r\u00e9vis\u00e9e pour prendre en compte les exigences du march\u00e9 du travail \u00e0 la lumi\u00e8re de la d\u00e9couverte du gaz et du p\u00e9trole et la mise en place d\u2019un ensemble de programmes destin\u00e9s aux jeunes pour les aider \u00e0 acc\u00e9der \u00e0 ce march\u00e9.<\/p>\n<p>Il a remerci\u00e9 M. Ahmed Souleimane Errajhi, ministre des ressources humaines et du d\u00e9veloppement social, pour son aimable invitation et l\u2019hospitalit\u00e9 dont il a fait l\u2019objet depuis son arriv\u00e9e.<\/p>\n<p>M. le ministre a, \u00e9galement, affirm\u00e9 que la premi\u00e8re conf\u00e9rence internationale sur le march\u00e9 du travail \u00e0 Riyad fut une occasion d\u2019or pour \u00e9changer d\u2019expertises et d\u2019exp\u00e9riences sur le march\u00e9 du travail mondial, dont les recommandations devront permettre de relever les d\u00e9fis auxquels le monde fait face pour r\u00e9sorber le ch\u00f4mage.<\/p>\n<p>La conf\u00e9rence, de deux jours, a r\u00e9uni 2 000 personnes du monde entier et 120 conf\u00e9rences portant sur 40 th\u00e8mes.<\/p>\n<p>La conf\u00e9rence s\u2019est ouverte en pr\u00e9sence de repr\u00e9sentants de nombreux pays, d\u2019organisations internationales concern\u00e9es par le travail et de la Banque mondiale.<\/p>\n<p>&nbsp;<\/p>\n<p>&nbsp;<\/p>\n<p>&nbsp;<\/p>\n<p>&nbsp;<\/p>\n","protected":false},"excerpt":{"rendered":"<p>Le ministre de la Fonction publique et du Travail, Sidi Yahya Ould Cheikhna Lemrabot, a indiqu\u00e9 que le march\u00e9 du travail en Mauritanie tourne principalement autour des secteurs de la p\u00eache et des mines. Dans ce contexte, la Mauritanie travaille depuis l\u2019accession au pouvoir de Son Excellence le Pr\u00e9sident de la R\u00e9publique, M. Mohamed Ould [&hellip;]<\/p>\n","protected":false},"author":13,"featured_media":236151,"comment_status":"open","ping_status":"open","sticky":false,"template":"","format":"standard","meta":{"footnotes":""},"categories":[63918,63919,63957,63959,63927],"tags":[],"class_list":["post-236150","post","type-post","status-publish","format-standard","has-post-thumbnail","hentry","category-autres","category-choix-du-redacteur","category-fil-dactualite","category-mauritanie","category-slider-mauritanie"],"_links":{"self":[{"href":"https:\/\/ami.mr\/fr\/wp-json\/wp\/v2\/posts\/236150","targetHints":{"allow":["GET"]}}],"collection":[{"href":"https:\/\/ami.mr\/fr\/wp-json\/wp\/v2\/posts"}],"about":[{"href":"https:\/\/ami.mr\/fr\/wp-json\/wp\/v2\/types\/post"}],"author":[{"embeddable":true,"href":"https:\/\/ami.mr\/fr\/wp-json\/wp\/v2\/users\/13"}],"replies":[{"embeddable":true,"href":"https:\/\/ami.mr\/fr\/wp-json\/wp\/v2\/comments?post=236150"}],"version-history":[{"count":1,"href":"https:\/\/ami.mr\/fr\/wp-json\/wp\/v2\/posts\/236150\/revisions"}],"predecessor-version":[{"id":236155,"href":"https:\/\/ami.mr\/fr\/wp-json\/wp\/v2\/posts\/236150\/revisions\/236155"}],"wp:featuredmedia":[{"embeddable":true,"href":"https:\/\/ami.mr\/fr\/wp-json\/wp\/v2\/media\/236151"}],"wp:attachment":[{"href":"https:\/\/ami.mr\/fr\/wp-json\/wp\/v2\/media?parent=236150"}],"wp:term":[{"taxonomy":"category","embeddable":true,"href":"https:\/\/ami.mr\/fr\/wp-json\/wp\/v2\/categories?post=236150"},{"taxonomy":"post_tag","embeddable":true,"href":"https:\/\/ami.mr\/fr\/wp-json\/wp\/v2\/tags?post=236150"}],"curies":[{"name":"wp","href":"https:\/\/api.w.org\/{rel}","templated":true}]}}