{"id":235969,"date":"2023-12-12T17:02:20","date_gmt":"2023-12-12T17:02:20","guid":{"rendered":"https:\/\/ami.mr\/fr\/?p=235969"},"modified":"2023-12-13T14:44:45","modified_gmt":"2023-12-13T14:44:45","slug":"atelier-sur-la-promotion-de-la-participation-feminine-au-developpement-en-afrique-de-louest","status":"publish","type":"post","link":"https:\/\/ami.mr\/fr\/archives\/235969","title":{"rendered":"Atelier sur la promotion de la participation f\u00e9minine au d\u00e9veloppement en Afrique de l\u2019Ouest"},"content":{"rendered":"<p>Le Centre international pour l&#8217;entreprise priv\u00e9e a organis\u00e9, mardi \u00e0 Nouakchott, un atelier sur la promotion de la participation des femmes au d\u00e9veloppement en Afrique de l\u2019Ouest.<\/p>\n<p>L\u2019objectif de cet atelier est de porter les recommandations \u00e0 la connaissance de la ministre de l\u2019Action sociale, de l\u2019Enfance et de la Famille afin qu\u2019elles soient int\u00e9gr\u00e9es dans l\u2019agenda de l\u2019Union Africaine.<\/p>\n<p>Dans un mot prononc\u00e9 pour la circonstance, la ministre, Madame Saviya mint N\u2019tahah a indiqu\u00e9 qu\u2019au cours des derni\u00e8res ann\u00e9es, les femmes mauritaniennes ont r\u00e9alis\u00e9 de grands progr\u00e8s sur leur chemin vers l\u2019\u00e9mancipation et la prosp\u00e9rit\u00e9.<\/p>\n<p>Il faut dire que les acquis f\u00e9minins ont touch\u00e9 plusieurs domaines, dont : l\u2019autonomisation \u00e9conomique, le soutien institutionnel, la protection contre les diff\u00e9rentes formes de violence, le renforcement du cadre l\u00e9gal, l\u2019acc\u00e8s aux centres de d\u00e9cision et la participation politique.<\/p>\n<p>En ce qui concerne, l&#8217;autonomisation des femmes et la lutte contre les violences faites aux femmes, un programme de formation d\u00e9di\u00e9 aux femmes et filles non scolaris\u00e9es a \u00e9t\u00e9 mis en \u0153uvre.<\/p>\n<p>Ce programme a permis aux femmes de b\u00e9n\u00e9ficier d\u2019\u00e9quipements et financements dans le cadre de leurs activit\u00e9s productives, tout comme il a permis aux filles de se former au centre de formation pour l&#8217;autonomisation des femmes.<\/p>\n<p>Dans le cadre de l&#8217;appui \u00e0 l&#8217;autonomisation des femmes, un travail est men\u00e9 pour favoriser l&#8217;acc\u00e8s des filles \u00e0 l&#8217;enseignement sup\u00e9rieur en leur accordant des prix incitatifs, en soutenant financi\u00e8rement les familles fragiles et en assurant le transport scolaire pour assurer la s\u00e9curit\u00e9 des filles.<\/p>\n<p>Au niveau institutionnel, la capacit\u00e9 d&#8217;absorption du centre de formation en autonomisation des femmes a \u00e9t\u00e9 renforc\u00e9e dans la plupart des wilayas du pays, le rang des repr\u00e9sentations r\u00e9gionales au sein de la structure organisationnelle du minist\u00e8re a \u00e9t\u00e9 \u00e9lev\u00e9 pour devenir des directions r\u00e9gionales et une direction centrale a \u00e9t\u00e9 cr\u00e9\u00e9e pour la coordination entre les structures r\u00e9gionales.<\/p>\n<p>Dans le domaine de la protection contre les violences faites aux femmes, le gouvernement a pris une s\u00e9rie de mesures, dont l&#8217;ouverture de plateformes multi &#8211; sectorielles pour lutter contre ces violences dans les wilayas du pays, la cr\u00e9ation d&#8217;un observatoire national des droits des femmes, et la mise en place d&#8217;un m\u00e9canisme r\u00e9gional de lutte contre la violence.<\/p>\n<p>Ces mesures, parmi d\u2019autres, ont permis de r\u00e9soudre des conflits familiaux par l&#8217;approche de la m\u00e9diation sociale, en plus de campagnes \u00e0 l\u2019\u00e9chelle nationale ont \u00e9t\u00e9 lanc\u00e9es en vue de promouvoir l&#8217;int\u00e9gration des femmes aux corps de la s\u00e9curit\u00e9, de la d\u00e9fense et de la justice.<\/p>\n<p>Cette politique en faveur de l\u2019autonomisation de la femme a convaincu le leadership f\u00e9minin de d\u00e9clarer Mme la ministre sacr\u00e9e du titre de \u2018\u2019championne\u2019\u2019 de la promotion du genre<\/p>\n","protected":false},"excerpt":{"rendered":"<p>Le Centre international pour l&#8217;entreprise priv\u00e9e a organis\u00e9, mardi \u00e0 Nouakchott, un atelier sur la promotion de la participation des femmes au d\u00e9veloppement en Afrique de l\u2019Ouest. L\u2019objectif de cet atelier est de porter les recommandations \u00e0 la connaissance de la ministre de l\u2019Action sociale, de l\u2019Enfance et de la Famille afin qu\u2019elles soient int\u00e9gr\u00e9es [&hellip;]<\/p>\n","protected":false},"author":5,"featured_media":235970,"comment_status":"open","ping_status":"open","sticky":false,"template":"","format":"standard","meta":{"footnotes":""},"categories":[63920,63957,63959,63927],"tags":[],"class_list":["post-235969","post","type-post","status-publish","format-standard","has-post-thumbnail","hentry","category-a-la-une","category-fil-dactualite","category-mauritanie","category-slider-mauritanie"],"_links":{"self":[{"href":"https:\/\/ami.mr\/fr\/wp-json\/wp\/v2\/posts\/235969","targetHints":{"allow":["GET"]}}],"collection":[{"href":"https:\/\/ami.mr\/fr\/wp-json\/wp\/v2\/posts"}],"about":[{"href":"https:\/\/ami.mr\/fr\/wp-json\/wp\/v2\/types\/post"}],"author":[{"embeddable":true,"href":"https:\/\/ami.mr\/fr\/wp-json\/wp\/v2\/users\/5"}],"replies":[{"embeddable":true,"href":"https:\/\/ami.mr\/fr\/wp-json\/wp\/v2\/comments?post=235969"}],"version-history":[{"count":1,"href":"https:\/\/ami.mr\/fr\/wp-json\/wp\/v2\/posts\/235969\/revisions"}],"predecessor-version":[{"id":235971,"href":"https:\/\/ami.mr\/fr\/wp-json\/wp\/v2\/posts\/235969\/revisions\/235971"}],"wp:featuredmedia":[{"embeddable":true,"href":"https:\/\/ami.mr\/fr\/wp-json\/wp\/v2\/media\/235970"}],"wp:attachment":[{"href":"https:\/\/ami.mr\/fr\/wp-json\/wp\/v2\/media?parent=235969"}],"wp:term":[{"taxonomy":"category","embeddable":true,"href":"https:\/\/ami.mr\/fr\/wp-json\/wp\/v2\/categories?post=235969"},{"taxonomy":"post_tag","embeddable":true,"href":"https:\/\/ami.mr\/fr\/wp-json\/wp\/v2\/tags?post=235969"}],"curies":[{"name":"wp","href":"https:\/\/api.w.org\/{rel}","templated":true}]}}