{"id":235935,"date":"2023-12-12T13:10:27","date_gmt":"2023-12-12T13:10:27","guid":{"rendered":"https:\/\/ami.mr\/fr\/?p=235935"},"modified":"2023-12-12T13:10:27","modified_gmt":"2023-12-12T13:10:27","slug":"attribution-du-prix-du-president-de-la-republique-pour-la-recitation-et-la-comprehension-des-moutounes","status":"publish","type":"post","link":"https:\/\/ami.mr\/fr\/archives\/235935","title":{"rendered":"Attribution du prix du Pr\u00e9sident de la R\u00e9publique pour la r\u00e9citation et la compr\u00e9hension des Moutounes"},"content":{"rendered":"<p>Le minist\u00e8re des Affaires islamiques et de l\u2019Enseignement original a annonc\u00e9 hier lundi \u00e0 Nouakchott, les r\u00e9sultats du concours de la 4\u00e8me \u00e9dition du prix du Pr\u00e9sident de la R\u00e9publique pour la r\u00e9citation et la compr\u00e9hension des Moutounes.<\/p>\n<p>Selon les r\u00e9sultats annonc\u00e9s par la commission scientifique de correction, pr\u00e9sid\u00e9e par le secr\u00e9taire g\u00e9n\u00e9ral de l\u2019Association des Oulemas de Mauritanie, l&#8217;\u00e9rudit Cheikh Ould Salah, les cinq premiers sont class\u00e9s comme suit :<\/p>\n<p>-1er M. Abderrahmane Mohamed,<\/p>\n<p>-2\u00e8me M. Mohamed Abderrahmane Mohamed Teyeb<\/p>\n<p>3\u00e8me M. Mohamed Lemine Habib Demba<\/p>\n<p>-4\u00e8me M. Mohamed Moustapha Babah,<\/p>\n<p>-5\u00e8me M. Abdou Mohamed Salem Lemjeidri,<\/p>\n<p>Il est \u00e0 noter que la quatri\u00e8me \u00e9dition du prix a d\u00e9but\u00e9 sa premi\u00e8re selection dans toutes les wilayas du pays le 23 novembre, \u00e0 laquelle 340 candidats ont particip\u00e9, les trois premiers de chaque wilaya ayant \u00e9t\u00e9 s\u00e9lectionn\u00e9s pour participer \u00e0 la deuxi\u00e8me et derni\u00e8re \u00e9tape, qui a \u00e9t\u00e9 organis\u00e9e \u00e0 Nouakchott le 29 octobre.<\/p>\n","protected":false},"excerpt":{"rendered":"<p>Le minist\u00e8re des Affaires islamiques et de l\u2019Enseignement original a annonc\u00e9 hier lundi \u00e0 Nouakchott, les r\u00e9sultats du concours de la 4\u00e8me \u00e9dition du prix du Pr\u00e9sident de la R\u00e9publique pour la r\u00e9citation et la compr\u00e9hension des Moutounes. Selon les r\u00e9sultats annonc\u00e9s par la commission scientifique de correction, pr\u00e9sid\u00e9e par le secr\u00e9taire g\u00e9n\u00e9ral de l\u2019Association [&hellip;]<\/p>\n","protected":false},"author":17,"featured_media":235936,"comment_status":"open","ping_status":"open","sticky":false,"template":"","format":"standard","meta":{"footnotes":""},"categories":[63920,63957,63959],"tags":[],"class_list":["post-235935","post","type-post","status-publish","format-standard","has-post-thumbnail","hentry","category-a-la-une","category-fil-dactualite","category-mauritanie"],"_links":{"self":[{"href":"https:\/\/ami.mr\/fr\/wp-json\/wp\/v2\/posts\/235935","targetHints":{"allow":["GET"]}}],"collection":[{"href":"https:\/\/ami.mr\/fr\/wp-json\/wp\/v2\/posts"}],"about":[{"href":"https:\/\/ami.mr\/fr\/wp-json\/wp\/v2\/types\/post"}],"author":[{"embeddable":true,"href":"https:\/\/ami.mr\/fr\/wp-json\/wp\/v2\/users\/17"}],"replies":[{"embeddable":true,"href":"https:\/\/ami.mr\/fr\/wp-json\/wp\/v2\/comments?post=235935"}],"version-history":[{"count":1,"href":"https:\/\/ami.mr\/fr\/wp-json\/wp\/v2\/posts\/235935\/revisions"}],"predecessor-version":[{"id":235937,"href":"https:\/\/ami.mr\/fr\/wp-json\/wp\/v2\/posts\/235935\/revisions\/235937"}],"wp:featuredmedia":[{"embeddable":true,"href":"https:\/\/ami.mr\/fr\/wp-json\/wp\/v2\/media\/235936"}],"wp:attachment":[{"href":"https:\/\/ami.mr\/fr\/wp-json\/wp\/v2\/media?parent=235935"}],"wp:term":[{"taxonomy":"category","embeddable":true,"href":"https:\/\/ami.mr\/fr\/wp-json\/wp\/v2\/categories?post=235935"},{"taxonomy":"post_tag","embeddable":true,"href":"https:\/\/ami.mr\/fr\/wp-json\/wp\/v2\/tags?post=235935"}],"curies":[{"name":"wp","href":"https:\/\/api.w.org\/{rel}","templated":true}]}}