{"id":235619,"date":"2023-12-08T16:44:34","date_gmt":"2023-12-08T16:44:34","guid":{"rendered":"https:\/\/ami.mr\/fr\/?p=235619"},"modified":"2023-12-08T16:45:02","modified_gmt":"2023-12-08T16:45:02","slug":"le-president-de-la-republique-nous-devons-preserver-notre-patrimoine-historique-pour-consolider-notre-identite-civilisationnelle-et-renforcer-notre-cohesion-sociale-et-notre-unite-nationale","status":"publish","type":"post","link":"https:\/\/ami.mr\/fr\/archives\/235619","title":{"rendered":"Le Pr\u00e9sident de la R\u00e9publique: Nous devons pr\u00e9server notre patrimoine historique pour consolider notre identit\u00e9 civilisationnelle et renforcer notre coh\u00e9sion sociale et notre unit\u00e9 nationale"},"content":{"rendered":"<p><strong>Le Pr\u00e9sident de la R\u00e9publique, Son Excellence Monsieur Mohamed Ould Cheikh El Ghazouani,<\/strong> a affirm\u00e9, vendredi \u00e0 Oulata, lors de l&#8217;ouverture de la 12\u00e8me \u00e9dition du festival des cit\u00e9es du patrimoine, qu&#8217;il a pr\u00e9sid\u00e9e, que notre patrimoine historique mat\u00e9riel et immat\u00e9riel repr\u00e9sente dans sa richesse et dans sa diversit\u00e9 l\u2019expression authentique de notre identit\u00e9 civilisationnelle et de nos valeurs religieuses et culturelles.<\/p>\n<p>Il a soulign\u00e9 qu&#8217;il constitue la m\u00e9moire fid\u00e8le qui conserve nos valeurs et nos traditions, notre mode de vie et qui magnifie notre glorieux pass\u00e9, comme en t\u00e9moigne votre ville, Oualata, cit\u00e9 historique qui, en d\u00e9pit des al\u00e9as du temps pers\u00e9v\u00e8re dans son r\u00f4le de gardienne de notre identit\u00e9 civilisationnelle \u00e0 travers ses pr\u00e9cieux manuscrits, ses riches biblioth\u00e8ques, les vestiges de son originale architecture, son type de d\u00e9coration attrayante, l\u2019aura de ses illustres Ul\u00e9mas qui a conquis de lointains horizons.<\/p>\n<p>Voici l&#8217;int\u00e9gralit\u00e9 du discours du Pr\u00e9sident de la R\u00e9publique :<\/p>\n<p><span style=\"color: #0000ff;\">&#8220;Au nom d\u2019Allah le Cl\u00e9ment le Mis\u00e9ricordieux,<\/span><\/p>\n<p><span style=\"color: #0000ff;\">Monsieur le chef de file de l\u2019opposition d\u00e9mocratique,<\/span><\/p>\n<p><span style=\"color: #0000ff;\">Messieurs les ministres,<\/span><\/p>\n<p><span style=\"color: #0000ff;\">Monsieur le wali,<\/span><\/p>\n<p><span style=\"color: #0000ff;\">Messieurs les pr\u00e9sidents des Conseils r\u00e9gionaux,<\/span><\/p>\n<p><span style=\"color: #0000ff;\">Messieurs les d\u00e9put\u00e9s et maires,<\/span><\/p>\n<p><span style=\"color: #0000ff;\">Mesdames Messieurs, les membres du corps diplomates,<\/span><\/p>\n<p><span style=\"color: #0000ff;\">Messieurs les pr\u00e9sidents des partis politiques,<\/span><\/p>\n<p><span style=\"color: #0000ff;\">Mesdames, Messieurs les h\u00f4tes du festival des villes du patrimoine,<\/span><\/p>\n<p><span style=\"color: #0000ff;\">Mesdames et Messieurs les invit\u00e9s,<\/span><\/p>\n<p><span style=\"color: #0000ff;\">Honorable assistance,<\/span><\/p>\n<p>Il m\u2019est agr\u00e9able de vous adresser, habitants de Oualata, mes vifs remerciements pour la chaleur de l\u2019accueil et la g\u00e9n\u00e9rosit\u00e9 de l\u2019hospitalit\u00e9 qui sont, ici chez les habitants de cette cit\u00e9 et chez les mauritaniens en g\u00e9n\u00e9ral, une qualit\u00e9 et un comportement bien ancr\u00e9s.<\/p>\n<p>Je remercie \u00e9galement tous ceux que l\u2019\u00e9loignement et la peine du voyage n\u2019ont pas emp\u00each\u00e9s d\u2019assister parmi nous aux manifestations de cette 12\u00e8me \u00e9dition du Festival des cit\u00e9s du patrimoine.<\/p>\n<p><span style=\"color: #0000ff;\">Mesdames, Messieurs;<\/span><\/p>\n<p>Notre patrimoine historique mat\u00e9riel et immat\u00e9riel repr\u00e9sente dans sa richesse et dans sa diversit\u00e9 l\u2019expression authentique de notre identit\u00e9 civilisationnelle et de nos valeurs religieuses et culturelles. Il constitue la m\u00e9moire fid\u00e8le qui conserve nos valeurs et nos traditions, notre mode de vie et qui magnifie notre glorieux pass\u00e9, comme en t\u00e9moigne votre ville, Oualata, cit\u00e9 historique qui, en d\u00e9pit des al\u00e9as du temps pers\u00e9v\u00e8re son r\u00f4le de gardienne de notre identit\u00e9 civilisationnelle \u00e0 travers ses pr\u00e9cieux manuscrits, ses riches biblioth\u00e8ques, les vestiges de son originale architecture, son type de d\u00e9coration attrayante, l\u2019aura de ses illustres Ul\u00e9mas qui a conquis de lointains horizons.<\/p>\n<p>Tout au long des \u00e9poques, cette ville a constitu\u00e9 une plaque tournante des \u00e9changes commerciaux dans son espace g\u00e9ographique et un centre de rayonnement culturel de premier plan qui a attir\u00e9 des \u00e9rudits de divers pays.<\/p>\n<p>Elle a \u00e9galement jou\u00e9 un r\u00f4le important dans la diffusion, au nord et au sud du d\u00e9sert, des enseignements de notre sainte religion islamique et de ses valeurs de tol\u00e9rance.<\/p>\n<p>Il s&#8217;agit v\u00e9ritablement d&#8217;un tr\u00e9sor patrimonial unique dans son genre qu\u2019il nous incombe \u00e0 tous de pr\u00e9server de sorte que les valeurs et les significations dont il est porteur, ainsi que la charge patrimoniale historique, restent toujours pr\u00e9sents dans notre conscience collective, afin de consolider notre identit\u00e9 culturelle et renforcer notre coh\u00e9sion sociale et notre unit\u00e9 nationale.<\/p>\n<p><span style=\"color: #0000ff;\">Mesdames et Messieurs;<\/span><\/p>\n<p>Pr\u00e9server ce tr\u00e9sor patrimonial, le garder en m\u00e9moire et le c\u00e9l\u00e9brer, requiert de notre part un engagement constant en faveur de la pr\u00e9servation de ses aspects mat\u00e9riels notamment manuscrits, architecturaux et artistiques en veillant \u00e0 leur conservation et \u00e0 leur restauration pour \u00e9viter leur d\u00e9gradation et leur extinction.<\/p>\n<p>Une telle entreprise implique \u00e9galement la cr\u00e9ation des conditions de d\u00e9veloppement n\u00e9cessaires pour revaloriser la ville et pr\u00e9server son patrimoine.<\/p>\n<p>Nous avons donc tenu \u00e0 faire du festival des Villes du Patrimoine un \u00e9v\u00e9nement \u00e0 la fois patrimonial et de d\u00e9veloppement.<\/p>\n<p>La composante de d\u00e9veloppement de la pr\u00e9sente \u00e9dition du festival comporte de nombreux programmes li\u00e9s au d\u00e9senclavement et \u00e0 l&#8217;am\u00e9lioration du niveau d&#8217;acc\u00e8s aux services de base, tels que l&#8217;eau, l&#8217;\u00e9lectricit\u00e9, la sant\u00e9, l&#8217;\u00e9ducation et les communications.<\/p>\n<p>En plus du renforcement de la r\u00e9silience des citoyens, cette composante \u00e9largit la sph\u00e8re du filet social, am\u00e9liore la production locale et g\u00e9n\u00e8re des activit\u00e9s g\u00e9n\u00e9ratrices de revenus, parall\u00e8lement aux actions d\u2019am\u00e9lioration des capacit\u00e9s en mati\u00e8re de pr\u00e9servation des manuscrits et de la sauvegarde de l\u2019architecture traditionnelle.<\/p>\n<p>Tous en esp\u00e9rant que cette s\u00e9rie de programmes contribuera \u00e0 la promotion de la ville et renforcera la r\u00e9silience de ses habitants, je d\u00e9clare, avec la b\u00e9n\u00e9diction d\u2019Allah, l&#8217;ouverture de cette douzi\u00e8me \u00e9dition du Festival des cit\u00e9s du patrimoine, en vous souhaitant \u00e0 tous un festival \u00e9maill\u00e9 d\u2019agr\u00e9ables manifestations et d\u2019utile production ; un festival qui contribue au renforcement de notre identit\u00e9 culturelle et de notre unit\u00e9 nationale.<\/p>\n<p>Je vous remercie.<\/p>\n<p>Que la paix, la mis\u00e9ricorde et les b\u00e9n\u00e9dictions d\u2019Allah soient sur vous&#8221;.<\/p>\n","protected":false},"excerpt":{"rendered":"<p>Le Pr\u00e9sident de la R\u00e9publique, Son Excellence Monsieur Mohamed Ould Cheikh El Ghazouani, a affirm\u00e9, vendredi \u00e0 Oulata, lors de l&#8217;ouverture de la 12\u00e8me \u00e9dition du festival des cit\u00e9es du patrimoine, qu&#8217;il a pr\u00e9sid\u00e9e, que notre patrimoine historique mat\u00e9riel et immat\u00e9riel repr\u00e9sente dans sa richesse et dans sa diversit\u00e9 l\u2019expression authentique de notre identit\u00e9 civilisationnelle [&hellip;]<\/p>\n","protected":false},"author":2,"featured_media":235620,"comment_status":"open","ping_status":"open","sticky":false,"template":"","format":"standard","meta":{"footnotes":""},"categories":[63919,63957,63921,63923,8672],"tags":[],"class_list":["post-235619","post","type-post","status-publish","format-standard","has-post-thumbnail","hentry","category-choix-du-redacteur","category-fil-dactualite","category-slider-afficher","category-slider-wilayas","category-8672"],"_links":{"self":[{"href":"https:\/\/ami.mr\/fr\/wp-json\/wp\/v2\/posts\/235619","targetHints":{"allow":["GET"]}}],"collection":[{"href":"https:\/\/ami.mr\/fr\/wp-json\/wp\/v2\/posts"}],"about":[{"href":"https:\/\/ami.mr\/fr\/wp-json\/wp\/v2\/types\/post"}],"author":[{"embeddable":true,"href":"https:\/\/ami.mr\/fr\/wp-json\/wp\/v2\/users\/2"}],"replies":[{"embeddable":true,"href":"https:\/\/ami.mr\/fr\/wp-json\/wp\/v2\/comments?post=235619"}],"version-history":[{"count":2,"href":"https:\/\/ami.mr\/fr\/wp-json\/wp\/v2\/posts\/235619\/revisions"}],"predecessor-version":[{"id":235622,"href":"https:\/\/ami.mr\/fr\/wp-json\/wp\/v2\/posts\/235619\/revisions\/235622"}],"wp:featuredmedia":[{"embeddable":true,"href":"https:\/\/ami.mr\/fr\/wp-json\/wp\/v2\/media\/235620"}],"wp:attachment":[{"href":"https:\/\/ami.mr\/fr\/wp-json\/wp\/v2\/media?parent=235619"}],"wp:term":[{"taxonomy":"category","embeddable":true,"href":"https:\/\/ami.mr\/fr\/wp-json\/wp\/v2\/categories?post=235619"},{"taxonomy":"post_tag","embeddable":true,"href":"https:\/\/ami.mr\/fr\/wp-json\/wp\/v2\/tags?post=235619"}],"curies":[{"name":"wp","href":"https:\/\/api.w.org\/{rel}","templated":true}]}}