{"id":235137,"date":"2023-12-02T21:30:51","date_gmt":"2023-12-02T21:30:51","guid":{"rendered":"https:\/\/ami.mr\/fr\/?p=235137"},"modified":"2023-12-02T21:30:51","modified_gmt":"2023-12-02T21:30:51","slug":"le-ministre-de-linterieur-et-de-la-decentralisation-inspecte-les-travaux-de-la-mairie-de-rosso","status":"publish","type":"post","link":"https:\/\/ami.mr\/fr\/archives\/235137","title":{"rendered":"Le ministre de l\u2019Int\u00e9rieur et de la D\u00e9centralisation inspecte les travaux de la mairie de Rosso"},"content":{"rendered":"<div class=\"row\">\n<div class=\"cell auto-size bd-gray\" dir=\"ltr\"><\/div>\n<\/div>\n<div class=\"row\">\n<div class=\"cell auto-size\">\n<div class=\"set-border bd-gray padding10 margin10 no-margin-right no-margin-left \" dir=\"ltr\">\n<p>Le ministre de l\u2019Int\u00e9rieur et de la D\u00e9centralisation, Mohamed Ahmed Ould Mohamed Lamine, accompagn\u00e9 du wali du Trarza, M. Mohamed Ould Ahmed Mouloud, s&#8217;est enquis, samedi \u00e0 Rosso, du d\u00e9roulement des travaux en cours sur la place municipale en face de la tribune officielle de la wilaya du Trarza et d\u00e9di\u00e9s aux espaces de spectacle et de repos, r\u00e9alis\u00e9s par le projet &#8221;Moudoun&#8221;. Au cours de la visite, le ministre a \u00e9cout\u00e9 une pr\u00e9sentation d\u00e9taill\u00e9e des travaux sur la place municipale et les interventions du projet &#8221;Moudoun&#8221;, pr\u00e9sent\u00e9e par M. Bouceif Sid Ahmed Bouceif, Coordonnateur de ce projet.<\/p>\n<p>A l\u2019issue de la visite, M. Bouceif Sid Ahmed Bouceif a expliqu\u00e9 que le projet \u2018\u2019Moudoun\u2019\u2019 a permis de r\u00e9aliser d\u2019importants projets qui auront un impact profond et donneront aux villes urbaines dans lesquelles il intervient, et \u00e0 la ville de Rosso en particulier, l\u2019image qui leur sied.<\/p>\n<p>Il a ajout\u00e9 qu\u2019\u00e0 Rosso, les travaux de r\u00e9alisation d\u2019une d\u00e9charge moderne pour les d\u00e9chets solides touchent \u00e0 leur fin, et la municipalit\u00e9 de Rosso a \u00e9t\u00e9 dot\u00e9e de 7 camions et de gros engins \u00e0 ordures, tandis que les travaux se poursuivent pour restaurer certains b\u00e2timents administratifs et mettre en place un centre de communication pour les jeunes.<\/p>\n<p>Le coordinateur de &#8221;Moudoun&#8221; a d\u00e9clar\u00e9 que 500 palmiers ont \u00e9galement \u00e9t\u00e9 plant\u00e9s, que la municipalit\u00e9 de Rosso a \u00e9t\u00e9 \u00e9quip\u00e9e et dot\u00e9e du programme de collecte \u2018\u2019El Mouhassil\u2019\u2019 (le percepteur) pour contr\u00f4ler les recettes des cultures de la municipalit\u00e9, programme qui a commenc\u00e9 \u00e0 \u00eatre mis en \u0153uvre au d\u00e9but du mois d\u2019avril dernier.<\/p>\n<p>Ce programme a permis de doubler les recettes par rapport \u00e0 2022, cela en plus du nettoyage du r\u00e9seau d\u2019assainissement de Rosso et de la pr\u00e9paration des stations de pompage qui ont \u00e9t\u00e9 dot\u00e9es de 4 nouvelles pompes, en coop\u00e9ration avec l\u2019Office national de l\u2019assainissement.<\/p>\n<p>Il a expliqu\u00e9 que la r\u00e9solution du probl\u00e8me de l\u2019assainissement est li\u00e9e \u00e0 celle des d\u00e9chets solides, et que conform\u00e9ment aux instructions de Son Excellence le Pr\u00e9sident de la R\u00e9publique, M. Mohamed Ould Cheikh El Ghazouani, le projet &#8221;Moudoun&#8221;, en coop\u00e9ration avec l\u2019Office National de l\u2019Assainissement, commencera prochainement la r\u00e9alisation d\u2019un r\u00e9seau d\u2019assainissement moderne pour la ville de Rosso.<\/p>\n<p>La visite s\u2019est d\u00e9roul\u00e9e en pr\u00e9sence du pr\u00e9sident de la r\u00e9gion du Trarza, du hakem de la moughataa de Rosso, du maire de sa commune et des chefs des services r\u00e9gionaux de la wilaya du Trarza.<\/p>\n<\/div>\n<\/div>\n<\/div>\n","protected":false},"excerpt":{"rendered":"<p>Le ministre de l\u2019Int\u00e9rieur et de la D\u00e9centralisation, Mohamed Ahmed Ould Mohamed Lamine, accompagn\u00e9 du wali du Trarza, M. Mohamed Ould Ahmed Mouloud, s&#8217;est enquis, samedi \u00e0 Rosso, du d\u00e9roulement des travaux en cours sur la place municipale en face de la tribune officielle de la wilaya du Trarza et d\u00e9di\u00e9s aux espaces de spectacle [&hellip;]<\/p>\n","protected":false},"author":8,"featured_media":235138,"comment_status":"open","ping_status":"open","sticky":false,"template":"","format":"standard","meta":{"footnotes":""},"categories":[63920,63957],"tags":[],"class_list":["post-235137","post","type-post","status-publish","format-standard","has-post-thumbnail","hentry","category-a-la-une","category-fil-dactualite"],"_links":{"self":[{"href":"https:\/\/ami.mr\/fr\/wp-json\/wp\/v2\/posts\/235137","targetHints":{"allow":["GET"]}}],"collection":[{"href":"https:\/\/ami.mr\/fr\/wp-json\/wp\/v2\/posts"}],"about":[{"href":"https:\/\/ami.mr\/fr\/wp-json\/wp\/v2\/types\/post"}],"author":[{"embeddable":true,"href":"https:\/\/ami.mr\/fr\/wp-json\/wp\/v2\/users\/8"}],"replies":[{"embeddable":true,"href":"https:\/\/ami.mr\/fr\/wp-json\/wp\/v2\/comments?post=235137"}],"version-history":[{"count":1,"href":"https:\/\/ami.mr\/fr\/wp-json\/wp\/v2\/posts\/235137\/revisions"}],"predecessor-version":[{"id":235139,"href":"https:\/\/ami.mr\/fr\/wp-json\/wp\/v2\/posts\/235137\/revisions\/235139"}],"wp:featuredmedia":[{"embeddable":true,"href":"https:\/\/ami.mr\/fr\/wp-json\/wp\/v2\/media\/235138"}],"wp:attachment":[{"href":"https:\/\/ami.mr\/fr\/wp-json\/wp\/v2\/media?parent=235137"}],"wp:term":[{"taxonomy":"category","embeddable":true,"href":"https:\/\/ami.mr\/fr\/wp-json\/wp\/v2\/categories?post=235137"},{"taxonomy":"post_tag","embeddable":true,"href":"https:\/\/ami.mr\/fr\/wp-json\/wp\/v2\/tags?post=235137"}],"curies":[{"name":"wp","href":"https:\/\/api.w.org\/{rel}","templated":true}]}}