{"id":235131,"date":"2023-12-02T20:09:19","date_gmt":"2023-12-02T20:09:19","guid":{"rendered":"https:\/\/ami.mr\/fr\/?p=235131"},"modified":"2023-12-02T20:09:19","modified_gmt":"2023-12-02T20:09:19","slug":"le-president-de-la-republique-participe-aux-emirats-a-une-discussion-sur-lindustrialisation-verte","status":"publish","type":"post","link":"https:\/\/ami.mr\/fr\/archives\/235131","title":{"rendered":"Le pr\u00e9sident de la R\u00e9publique participe aux \u00c9mirats \u00e0 une discussion sur l\u2019industrialisation verte"},"content":{"rendered":"<div class=\"row\"><\/div>\n<div class=\"row\">\n<div class=\"cell auto-size\">\n<div class=\"set-border bd-gray padding10 margin10 no-margin-right no-margin-left \" dir=\"ltr\">\n<p>Le pr\u00e9sident de la R\u00e9publique, M. Mohamed Ould Cheikh El Ghazouani a particip\u00e9 samedi apr\u00e8s- midi aux manifestations en marge de la Conf\u00e9rence des Nations Unies sur le changement climatique (COP 28) \u00e0 Expo Dubai aux \u00c9mirats arabes unis, \u00e0 une s\u00e9ance de travail de haut niveau consacr\u00e9e \u00e0 la discussion du th\u00e8me : \u2018\u2019l\u2019Industrialisation verte en Afrique\u2019\u2019.<\/p>\n<p>Le Pr\u00e9sident de la R\u00e9publique a \u00e9t\u00e9 l\u2019un des premiers et des plus \u00e9minents orateurs qui se sont exprim\u00e9 sur les d\u00e9fis auxquels le continent africain est confront\u00e9 et sur les perspectives et opportunit\u00e9s auxquelles il aspire dans ce domaine prometteur.<\/p>\n<p>En r\u00e9ponse \u00e0 quelques questions qui lui ont \u00e9t\u00e9 adress\u00e9es en tant qu\u2019intervenant de la session, Son Excellence Monsieur le Pr\u00e9sident de la R\u00e9publique a pr\u00e9cis\u00e9 qu\u2019il ne voyait aucune contradiction entre le d\u00e9veloppement des ressources gazi\u00e8res de notre pays et son ambition de d\u00e9velopper la fili\u00e8re hydrog\u00e8ne vert.<\/p>\n<p>Il a soulign\u00e9 qu\u2019il n\u2019est pas du tout juste de priver les pays en d\u00e9veloppement de l\u2019exploitation de leurs ressources \u00e9nerg\u00e9tiques en raison du co\u00fbt de la transition \u00e9nerg\u00e9tique, consid\u00e9rant que la transition \u00e9nerg\u00e9tique est le terme appropri\u00e9, car elle signifie une transition en vue de r\u00e9aliser une transformation.<\/p>\n<p>En r\u00e9ponse \u00e0 une autre question concernant la Mauritanie, le Pr\u00e9sident de la R\u00e9publique a \u00e9galement indiqu\u00e9 que notre pays dispose d\u2019importantes ressources gazi\u00e8res de plus de 100 trillions de pieds cubes, ainsi que d\u2019importantes ressources d\u2019\u00e9nergie renouvelable telles que l\u2019\u00e9nergie solaire et \u00e9olienne, qui peuvent \u00eatre d\u00e9velopp\u00e9es imm\u00e9diatement, pour produire de l\u2019hydrog\u00e8ne vert, en particulier dans les r\u00e9gions du nord-ouest du pays, qui est \u00e9galement une zone mini\u00e8re importante, notamment pour la production de fer.<\/p>\n<p>Son Excellence Monsieur le Pr\u00e9sident de la R\u00e9publique a expliqu\u00e9 que l\u2019objectif de notre pays \u00e0 l\u2019horizon 2030 est de d\u00e9velopper \u00e0 grande \u00e9chelle la fili\u00e8re hydrog\u00e8ne vert pour l\u2019exportation et l\u2019utilisation locale.<\/p>\n<p>Les participants \u00e0 cette session, \u00e0 laquelle ont pris part plusieurs autres chefs d\u2019\u00c9tat, ont mis en \u00e9vidence les opportunit\u00e9s en Afrique en mati\u00e8re d&#8217;industrialisation verte, pass\u00e9 en revue les projets d\u2019\u00e9nergie renouvelable r\u00e9ussis et discut\u00e9 des moyens de pousser l\u2019Afrique vers une \u00e9conomie neutre en carbone.<\/p>\n<p>La session a \u00e9galement \u00e9t\u00e9 marqu\u00e9e par le lancement officiel de l\u2019Initiative pour l\u2019industrialisation verte en Afrique, qui vise \u00e0 d\u00e9velopper davantage les entreprises et les industries vertes en Afrique en vue d\u2019att\u00e9nuer les effets du changement climatique et de s\u2019y adapter, tout en stimulant une croissance \u00e9conomique et une cr\u00e9ation d\u2019emplois importantes sur le continent. Dans le sillage de la mise en \u0153uvre efficace de la D\u00e9claration de Nairobi, les Chefs d\u2019\u00c9tat africains ont expos\u00e9 leurs vues dans le cadre de la politique de d\u00e9veloppement durable du continent.<\/p>\n<p>Pour leur part, les partenaires \u00e9miratis ont pr\u00e9sent\u00e9 le projet \u2018\u2019l\u2019Afrique Verte\u2019\u2019 pour une valeur de 4,5 milliards de dollars qui constitue une invitation aux investisseurs internationaux int\u00e9ress\u00e9s pour saisir cette grande opportunit\u00e9 et participer \u00e0 acc\u00e9l\u00e9rer l\u2019industrialisation verte en Afrique.<\/p>\n<p>L\u2019industrialisation verte en Afrique est un \u00e9v\u00e9nement organis\u00e9 conjointement par la pr\u00e9sidence de la COP28 et le gouvernement kenyan qui rassemble des dirigeants et des promoteurs, des conglom\u00e9rats industriels, des banques multilat\u00e9rales de d\u00e9veloppement et d\u2019autres dirigeants financiers cl\u00e9s, d\u2019Afrique et des \u00c9mirats arabes unis, ainsi que le secr\u00e9taire g\u00e9n\u00e9ral des Nations Unies.<\/p>\n<\/div>\n<\/div>\n<\/div>\n","protected":false},"excerpt":{"rendered":"<p>Le pr\u00e9sident de la R\u00e9publique, M. Mohamed Ould Cheikh El Ghazouani a particip\u00e9 samedi apr\u00e8s- midi aux manifestations en marge de la Conf\u00e9rence des Nations Unies sur le changement climatique (COP 28) \u00e0 Expo Dubai aux \u00c9mirats arabes unis, \u00e0 une s\u00e9ance de travail de haut niveau consacr\u00e9e \u00e0 la discussion du th\u00e8me : \u2018\u2019l\u2019Industrialisation [&hellip;]<\/p>\n","protected":false},"author":8,"featured_media":235132,"comment_status":"open","ping_status":"open","sticky":false,"template":"","format":"standard","meta":{"footnotes":""},"categories":[63957,63921],"tags":[],"class_list":["post-235131","post","type-post","status-publish","format-standard","has-post-thumbnail","hentry","category-fil-dactualite","category-slider-afficher"],"_links":{"self":[{"href":"https:\/\/ami.mr\/fr\/wp-json\/wp\/v2\/posts\/235131","targetHints":{"allow":["GET"]}}],"collection":[{"href":"https:\/\/ami.mr\/fr\/wp-json\/wp\/v2\/posts"}],"about":[{"href":"https:\/\/ami.mr\/fr\/wp-json\/wp\/v2\/types\/post"}],"author":[{"embeddable":true,"href":"https:\/\/ami.mr\/fr\/wp-json\/wp\/v2\/users\/8"}],"replies":[{"embeddable":true,"href":"https:\/\/ami.mr\/fr\/wp-json\/wp\/v2\/comments?post=235131"}],"version-history":[{"count":1,"href":"https:\/\/ami.mr\/fr\/wp-json\/wp\/v2\/posts\/235131\/revisions"}],"predecessor-version":[{"id":235133,"href":"https:\/\/ami.mr\/fr\/wp-json\/wp\/v2\/posts\/235131\/revisions\/235133"}],"wp:featuredmedia":[{"embeddable":true,"href":"https:\/\/ami.mr\/fr\/wp-json\/wp\/v2\/media\/235132"}],"wp:attachment":[{"href":"https:\/\/ami.mr\/fr\/wp-json\/wp\/v2\/media?parent=235131"}],"wp:term":[{"taxonomy":"category","embeddable":true,"href":"https:\/\/ami.mr\/fr\/wp-json\/wp\/v2\/categories?post=235131"},{"taxonomy":"post_tag","embeddable":true,"href":"https:\/\/ami.mr\/fr\/wp-json\/wp\/v2\/tags?post=235131"}],"curies":[{"name":"wp","href":"https:\/\/api.w.org\/{rel}","templated":true}]}}