{"id":235128,"date":"2023-12-02T18:35:00","date_gmt":"2023-12-02T18:35:00","guid":{"rendered":"https:\/\/ami.mr\/fr\/?p=235128"},"modified":"2023-12-02T18:35:00","modified_gmt":"2023-12-02T18:35:00","slug":"le-president-de-la-republique-felicite-le-president-des-emirats-arabes-unis","status":"publish","type":"post","link":"https:\/\/ami.mr\/fr\/archives\/235128","title":{"rendered":"Le Pr\u00e9sident de la R\u00e9publique f\u00e9licite le pr\u00e9sident des \u00c9mirats arabes unis"},"content":{"rendered":"<div class=\"row\"><\/div>\n<div class=\"row\">\n<div class=\"cell auto-size\">\n<div class=\"set-border bd-gray padding10 margin10 no-margin-right no-margin-left \" dir=\"ltr\">\n<p>Le Pr\u00e9sident de la R\u00e9publique, M. Mohamed Ould Cheikh El Ghazouani a adress\u00e9 aujourd&#8217;hui, samedi, (ndlr) un message de f\u00e9licitations au Pr\u00e9sident des \u00c9mirats arabes unis, Son Altesse Cheikh Mohamed bin Zayed Al Nahyan, \u00e0 l\u2019occasion de la f\u00eate nationale de son pays.<\/p>\n<p>Dans ce message, le Pr\u00e9sident a \u00e9crit aujourd\u2019hui sur son compte X (anciennement Twitter) :<\/p>\n<p>\u00ab Alors que je participe \u00e0 la conf\u00e9rence COP28 \u00e0 Duba\u00ef, j\u2019ai le plaisir d\u2019adresser mes plus chaleureuses f\u00e9licitations et b\u00e9n\u00e9dictions \u00e0 mon fr\u00e8re, Son Altesse Cheikh Mohamed bin Zayed Al Nahyan, \u00e0 l\u2019occasion de la f\u00eate nationale des \u00c9mirats arabes unis.<\/p>\n<p>C\u2019est aussi le lieu de souligner notre volont\u00e9 de continuer \u00e0 \u0153uvrer avec Son Altesse pour d\u00e9velopper et consolider les relations historiques entre nos deux pays fr\u00e8res. \u00bb<\/p>\n<\/div>\n<\/div>\n<\/div>\n","protected":false},"excerpt":{"rendered":"<p>Le Pr\u00e9sident de la R\u00e9publique, M. Mohamed Ould Cheikh El Ghazouani a adress\u00e9 aujourd&#8217;hui, samedi, (ndlr) un message de f\u00e9licitations au Pr\u00e9sident des \u00c9mirats arabes unis, Son Altesse Cheikh Mohamed bin Zayed Al Nahyan, \u00e0 l\u2019occasion de la f\u00eate nationale de son pays. Dans ce message, le Pr\u00e9sident a \u00e9crit aujourd\u2019hui sur son compte X [&hellip;]<\/p>\n","protected":false},"author":8,"featured_media":235129,"comment_status":"open","ping_status":"open","sticky":false,"template":"","format":"standard","meta":{"footnotes":""},"categories":[63957,25,63921,63926],"tags":[],"class_list":["post-235128","post","type-post","status-publish","format-standard","has-post-thumbnail","hentry","category-fil-dactualite","category-25","category-slider-afficher","category-slider-general"],"_links":{"self":[{"href":"https:\/\/ami.mr\/fr\/wp-json\/wp\/v2\/posts\/235128","targetHints":{"allow":["GET"]}}],"collection":[{"href":"https:\/\/ami.mr\/fr\/wp-json\/wp\/v2\/posts"}],"about":[{"href":"https:\/\/ami.mr\/fr\/wp-json\/wp\/v2\/types\/post"}],"author":[{"embeddable":true,"href":"https:\/\/ami.mr\/fr\/wp-json\/wp\/v2\/users\/8"}],"replies":[{"embeddable":true,"href":"https:\/\/ami.mr\/fr\/wp-json\/wp\/v2\/comments?post=235128"}],"version-history":[{"count":1,"href":"https:\/\/ami.mr\/fr\/wp-json\/wp\/v2\/posts\/235128\/revisions"}],"predecessor-version":[{"id":235130,"href":"https:\/\/ami.mr\/fr\/wp-json\/wp\/v2\/posts\/235128\/revisions\/235130"}],"wp:featuredmedia":[{"embeddable":true,"href":"https:\/\/ami.mr\/fr\/wp-json\/wp\/v2\/media\/235129"}],"wp:attachment":[{"href":"https:\/\/ami.mr\/fr\/wp-json\/wp\/v2\/media?parent=235128"}],"wp:term":[{"taxonomy":"category","embeddable":true,"href":"https:\/\/ami.mr\/fr\/wp-json\/wp\/v2\/categories?post=235128"},{"taxonomy":"post_tag","embeddable":true,"href":"https:\/\/ami.mr\/fr\/wp-json\/wp\/v2\/tags?post=235128"}],"curies":[{"name":"wp","href":"https:\/\/api.w.org\/{rel}","templated":true}]}}