{"id":234883,"date":"2023-11-29T21:51:18","date_gmt":"2023-11-29T21:51:18","guid":{"rendered":"https:\/\/ami.mr\/fr\/?p=234883"},"modified":"2023-11-30T15:21:29","modified_gmt":"2023-11-30T15:21:29","slug":"ministre-de-lenseignement-superieur-lecole-des-hautes-de-etudes-de-commerce-renommee-nouakchott-business-school","status":"publish","type":"post","link":"https:\/\/ami.mr\/fr\/archives\/234883","title":{"rendered":"Ministre de l\u2019Enseignement sup\u00e9rieur : L\u2019\u00c9cole des Hautes de \u00c9tudes de Commerce renomm\u00e9e &#8220;Nouakchott Business School&#8221;"},"content":{"rendered":"<p>Des membres du gouvernement, ont comment\u00e9, mercredi soir, les r\u00e9sultats du conseil des ministres qui s\u2019est d\u00e9roul\u00e9 plus t\u00f4t dans l\u2019apr\u00e8s-midi. Il s\u2019agit des ministres du P\u00e9trole, de l\u2019\u00c9nergie et des Mines, porte-parole du gouvernement, M. Nany Ould Chrougha, de la Sant\u00e9, Mme Naha Mint Hamdy Ould Mouknass, de l\u2019Habitat, de l\u2019Urbanisme et de l\u2019Am\u00e9nagement du Territoire, M. Sid Ahmed Ould Mohamed, de l\u2019Enseignement sup\u00e9rieur et de la Recherche scientifique, M. Niang Mamoudou.<\/p>\n<p><img decoding=\"async\" class=\"wp-image-234875 alignleft\" src=\"https:\/\/ami.mr\/fr\/wp-content\/uploads\/2023\/11\/s05--300x240.jpg\" alt=\"\" width=\"232\" height=\"186\" srcset=\"https:\/\/ami.mr\/fr\/wp-content\/uploads\/2023\/11\/s05--300x240.jpg 300w, https:\/\/ami.mr\/fr\/wp-content\/uploads\/2023\/11\/s05--1024x821.jpg 1024w, https:\/\/ami.mr\/fr\/wp-content\/uploads\/2023\/11\/s05--768x615.jpg 768w, https:\/\/ami.mr\/fr\/wp-content\/uploads\/2023\/11\/s05--1536x1231.jpg 1536w, https:\/\/ami.mr\/fr\/wp-content\/uploads\/2023\/11\/s05--2048x1641.jpg 2048w\" sizes=\"(max-width: 232px) 100vw, 232px\" \/>Au cours de son mot introductif, le porte-parole du gouvernement a indiqu\u00e9 que le conseil a examin\u00e9 et adopt\u00e9, plusieurs projets de lois, de d\u00e9crets et des communications, dont ceux relatifs aux r\u00e9gimes d\u2019assurance maladie, aux r\u00e8gles d\u2019occupation de la voirie, et \u00e0 un lifting de l\u2019\u00e9cole des hautes \u00e9tudes de commerce. Il a ensuite invit\u00e9 ses homologues ministres, \u00e0 intervenir afin d\u2019apporter plus de pr\u00e9cisions.<\/p>\n<p>Prenant ainsi la parole, la ministre de la Sant\u00e9 a d\u00e9clar\u00e9 que le projet de loi modifiant des dispositions de l\u2019ordonnance instituant le r\u00e9gime d\u2019assurance maladie,<img decoding=\"async\" class=\"size-medium wp-image-234872 alignright\" src=\"https:\/\/ami.mr\/fr\/wp-content\/uploads\/2023\/11\/0001-s-300x228.jpg\" alt=\"\" width=\"300\" height=\"228\" srcset=\"https:\/\/ami.mr\/fr\/wp-content\/uploads\/2023\/11\/0001-s-300x228.jpg 300w, https:\/\/ami.mr\/fr\/wp-content\/uploads\/2023\/11\/0001-s-1024x778.jpg 1024w, https:\/\/ami.mr\/fr\/wp-content\/uploads\/2023\/11\/0001-s-768x583.jpg 768w, https:\/\/ami.mr\/fr\/wp-content\/uploads\/2023\/11\/0001-s-1536x1166.jpg 1536w, https:\/\/ami.mr\/fr\/wp-content\/uploads\/2023\/11\/0001-s-2048x1555.jpg 2048w, https:\/\/ami.mr\/fr\/wp-content\/uploads\/2023\/11\/0001-s-86x64.jpg 86w\" sizes=\"(max-width: 300px) 100vw, 300px\" \/> vise \u00e0 renforcer la solidarit\u00e9 nationale et au rapprochement des services des populations. Le texte modifi\u00e9, pr\u00e9voit d\u00e9sormais d\u2019\u00e9tendre la couverture de l\u2019assurance maladie, aux ayants droits de l\u2019assur\u00e9, suite \u00e0 son d\u00e9c\u00e8s. A titre d\u2019exemple, la veuve d\u2019un assur\u00e9 pourra b\u00e9n\u00e9ficier des services de la Caisse Nationale\u00a0d\u2019Assurance Maladie, a soulign\u00e9 la ministre. Plus globalement, la ministre a estim\u00e9 que la mesure permet d\u2019am\u00e9liorer la situation sanitaire des populations.<\/p>\n<p>R\u00e9pondant \u00e0 une question sur l\u2019\u00e9tat d\u2019avancement des travaux de l\u2019h\u00f4pital d\u2019Atar, la ministre a annonc\u00e9 que son inauguration pr\u00e9vue le 17 d\u00e9cembre prochain.<\/p>\n<p>En ce qui concerne les r\u00e9solutions du congr\u00e8s des chirurgiens p\u00e9diatres, la ministre a d\u00e9clar\u00e9 qu\u2019elle compte accompagner leur mise en \u0153uvre, suivant les priorit\u00e9s. Dans ce sens, elle recevra, bient\u00f4t, une d\u00e9l\u00e9gation des congressistes, afin de d\u00e9finir les contours des actions \u00e0 venir.<\/p>\n<p><img decoding=\"async\" class=\"wp-image-234874 alignleft\" src=\"https:\/\/ami.mr\/fr\/wp-content\/uploads\/2023\/11\/s-002-ss-300x278.jpg\" alt=\"\" width=\"234\" height=\"217\" srcset=\"https:\/\/ami.mr\/fr\/wp-content\/uploads\/2023\/11\/s-002-ss-300x278.jpg 300w, https:\/\/ami.mr\/fr\/wp-content\/uploads\/2023\/11\/s-002-ss-1024x948.jpg 1024w, https:\/\/ami.mr\/fr\/wp-content\/uploads\/2023\/11\/s-002-ss-768x711.jpg 768w, https:\/\/ami.mr\/fr\/wp-content\/uploads\/2023\/11\/s-002-ss-1536x1422.jpg 1536w, https:\/\/ami.mr\/fr\/wp-content\/uploads\/2023\/11\/s-002-ss-2048x1896.jpg 2048w\" sizes=\"(max-width: 234px) 100vw, 234px\" \/>De son c\u00f4t\u00e9, le ministre de l\u2019Habitat est revenu sur les points saillants du projet de d\u00e9cret portant organisation de l\u2019occupation du domaine public de la voirie. Le ministre a soulign\u00e9 qu\u2019une certaine anarchie a \u00e9t\u00e9 constat\u00e9e, autour des interventions dans le domaine public. Le pr\u00e9sent texte vise \u00e0 mettre de l\u2019ordre, en fixant les modalit\u00e9s applicables \u00e0 l\u2019utilisation du domaine public de la voirie.<\/p>\n<p>Le ministre a pr\u00e9cis\u00e9 que le r\u00e9gime d\u2019autorisation ne va l\u00e9ser personne, prenant de ce fait, en compte les droits et obligations des personnes physiques et morales. Qu\u2019il s\u2019agisse de l\u2019installation de c\u00e2bles \u00e9lectriques, d\u2019internet ou autres, une proc\u00e9dure administrative devra d\u00e9sormais \u00eatre suivie, afin d\u2019\u00e9viter le plus possible, des d\u00e9sagr\u00e9ments.<\/p>\n<p>Outre les actions de la voirie, le projet tient compte de l\u2019am\u00e9nagement des terrasses d\u2019activit\u00e9s commerciales, les d\u00e9p\u00f4ts de mat\u00e9riels et panneaux publicitaires, entre autres.<\/p>\n<p>Par ailleurs, interrog\u00e9 sur le projet \u00ab nouvelle vie \u00bb, le ministre a soulign\u00e9 qu\u2019il se poursuit. Il a not\u00e9 que plus de 3500 familles ont \u00e9t\u00e9 relog\u00e9es. Selon lui, le projet a permis de venir \u00e0 bout de l\u2019occupation anarchique de certains espaces \u00ab gazra \u00bb, notant que celle qui se trouvait \u00e0 Nouakchott- Sud a \u00e9t\u00e9 enti\u00e8rement \u00e9vacu\u00e9e. Le ministre a pr\u00e9cis\u00e9 que le but de l\u2019op\u00e9ration n\u2019est pas de distribuer des terrains, mais de soutenir les personnes qui vivent dans ces logements pr\u00e9caires depuis des ann\u00e9es. Il s\u2019agit de leur droit absolu \u00e0 une vie d\u00e9cente, avec un acc\u00e8s aux services de base.<\/p>\n<p>Pour ce qui est de la qualit\u00e9 des infrastructures r\u00e9ceptionn\u00e9es par le minist\u00e8re, il a expliqu\u00e9 que toute \u0153uvre humaine est imparfaite, mais que sa responsabilit\u00e9 est d\u2019agir de sorte que les travaux soient conformes aux cahiers des charges. \u00c9voquant le cas de l\u2019\u00e9cole d\u2019Adel Bagrou, il a relev\u00e9 qu\u2019elle n\u2019avait pas \u00e9t\u00e9 r\u00e9ceptionn\u00e9e par les ing\u00e9nieurs du minist\u00e8re. Les autorit\u00e9s administratives l\u2019ont utilis\u00e9e vu qu\u2019il y avait un besoin, mais elle a \u00e9t\u00e9 \u00e9vacu\u00e9e d\u00e8s qu\u2019une anomalie a \u00e9t\u00e9 constat\u00e9e, a pr\u00e9cis\u00e9 le ministre. Le minist\u00e8re a agi rapidement, notant que la s\u00e9curit\u00e9 des personnes est au-essus de toute autre consid\u00e9ration.<\/p>\n<p><img decoding=\"async\" class=\"size-medium wp-image-234873 alignleft\" src=\"https:\/\/ami.mr\/fr\/wp-content\/uploads\/2023\/11\/s0-4-300x230.jpg\" alt=\"\" width=\"300\" height=\"230\" srcset=\"https:\/\/ami.mr\/fr\/wp-content\/uploads\/2023\/11\/s0-4-300x230.jpg 300w, https:\/\/ami.mr\/fr\/wp-content\/uploads\/2023\/11\/s0-4-1024x786.jpg 1024w, https:\/\/ami.mr\/fr\/wp-content\/uploads\/2023\/11\/s0-4-768x590.jpg 768w, https:\/\/ami.mr\/fr\/wp-content\/uploads\/2023\/11\/s0-4-1536x1180.jpg 1536w, https:\/\/ami.mr\/fr\/wp-content\/uploads\/2023\/11\/s0-4-2048x1573.jpg 2048w\" sizes=\"(max-width: 300px) 100vw, 300px\" \/>Pour sa part, le ministre de l\u2019Enseignement sup\u00e9rieur et de la Recherche scientifique a fait le point, concernant le projet de d\u00e9cret visant la r\u00e9organisation de l\u2019\u00c9cole des Hautes \u00c9tudes de Commerce et d\u00e9terminant ses r\u00e8gles de fonctionnement. D\u2019embl\u00e9e, il a fait \u00e9tat du changement de la d\u00e9nomination de l\u2019\u00e9cole devenant \u00ab Nouakchott Business School \u00bb, afin d\u2019\u00eatre \u00e0 l\u2019image d\u2019\u00e9tablissements similaires, \u00e0 travers le monde.<\/p>\n<p>A cela, poursuit le ministre, s\u2019ajoute la mise en place d\u2019un r\u00e9gime d\u2019\u00e9tudes qui \u00e9pouse les standards internationaux. Pour en faire une \u00e9cole d\u2019excellence, le ministre a soulign\u00e9 que le syst\u00e8me LMD (Licence, Master, Doctorat) sera abandonn\u00e9 au profit du Bachelor, du Master et du Doctorat. Ainsi, explique le ministre, le cycle de base sera de quatre ans.<\/p>\n<p>Le projet pr\u00e9voit aussi le transfert de l\u2019actif et du passif de l\u2019ancienne \u00e9cole \u00e0 la d\u00e9sormais Nouakchott Business School, afin qu\u2019elle puisse accueillir ses pensionnaires, \u00e0 l\u2019ouverture de l\u2019ann\u00e9e acad\u00e9mique 2023-2024.<\/p>\n<p>Interpell\u00e9 sur la reconnaissance des dipl\u00f4mes de l\u2019\u00e9cole, le ministre a estim\u00e9 que le probl\u00e8me ne se pose pas dans la mesure o\u00f9 ils sont d\u00e9livr\u00e9s par l\u2019\u00c9tat. Ceux-ci sont naturellement \u00e9ligibles aux syst\u00e8mes d\u2019\u00e9quivalence au niveau international.<\/p>\n<p>De son c\u00f4t\u00e9, le porte-parole du gouvernement a r\u00e9pondu \u00e0 une s\u00e9rie de questions. Concernant l\u2019autosuffisance alimentaire, il a rappel\u00e9 que la Mauritanie est autosuffisante en Riz et que des mesures incitatives ont \u00e9t\u00e9 prises afin d\u2019encourager diverses cultures, notamment maraich\u00e8re. Il a soulign\u00e9 que la strat\u00e9gie nationale en la mati\u00e8re est d\u00e9ploy\u00e9e depuis quelques ann\u00e9es et donnera ses fruits progressivement.<\/p>\n<p>Pour ce qui est du discours du Pr\u00e9sident de la R\u00e9publique \u00e0 l\u2019occasion de la f\u00eate nationale d\u2019ind\u00e9pendance, il a indiqu\u00e9 qu\u2019il est de coutume que les r\u00e9alisations et les perspectives d\u2019avenir soient \u00e9voqu\u00e9es \u00e0 cette occasion.<\/p>\n<p>S\u2019agissant de la visite du Pr\u00e9sident de la R\u00e9publique aux \u00c9mirats Arabes Unies, il a d\u00e9clar\u00e9 qu\u2019elle s\u2019inscrit dans le cadre du sommet sur le changement climatique Cop28. Le Pr\u00e9sident y a \u00e9t\u00e9 invit\u00e9, dit-il pour partager et d\u00e9fendre la vision de la Mauritanie, pour l\u2019att\u00e9nuation des effets du changement climatique, entre autres.<\/p>\n<p>&nbsp;<\/p>\n<p>&nbsp;<\/p>\n","protected":false},"excerpt":{"rendered":"<p>Des membres du gouvernement, ont comment\u00e9, mercredi soir, les r\u00e9sultats du conseil des ministres qui s\u2019est d\u00e9roul\u00e9 plus t\u00f4t dans l\u2019apr\u00e8s-midi. Il s\u2019agit des ministres du P\u00e9trole, de l\u2019\u00c9nergie et des Mines, porte-parole du gouvernement, M. Nany Ould Chrougha, de la Sant\u00e9, Mme Naha Mint Hamdy Ould Mouknass, de l\u2019Habitat, de l\u2019Urbanisme et de l\u2019Am\u00e9nagement [&hellip;]<\/p>\n","protected":false},"author":13,"featured_media":234884,"comment_status":"open","ping_status":"open","sticky":false,"template":"","format":"standard","meta":{"footnotes":""},"categories":[63919,63957,63959,63921,63927],"tags":[],"class_list":["post-234883","post","type-post","status-publish","format-standard","has-post-thumbnail","hentry","category-choix-du-redacteur","category-fil-dactualite","category-mauritanie","category-slider-afficher","category-slider-mauritanie"],"_links":{"self":[{"href":"https:\/\/ami.mr\/fr\/wp-json\/wp\/v2\/posts\/234883","targetHints":{"allow":["GET"]}}],"collection":[{"href":"https:\/\/ami.mr\/fr\/wp-json\/wp\/v2\/posts"}],"about":[{"href":"https:\/\/ami.mr\/fr\/wp-json\/wp\/v2\/types\/post"}],"author":[{"embeddable":true,"href":"https:\/\/ami.mr\/fr\/wp-json\/wp\/v2\/users\/13"}],"replies":[{"embeddable":true,"href":"https:\/\/ami.mr\/fr\/wp-json\/wp\/v2\/comments?post=234883"}],"version-history":[{"count":4,"href":"https:\/\/ami.mr\/fr\/wp-json\/wp\/v2\/posts\/234883\/revisions"}],"predecessor-version":[{"id":234889,"href":"https:\/\/ami.mr\/fr\/wp-json\/wp\/v2\/posts\/234883\/revisions\/234889"}],"wp:featuredmedia":[{"embeddable":true,"href":"https:\/\/ami.mr\/fr\/wp-json\/wp\/v2\/media\/234884"}],"wp:attachment":[{"href":"https:\/\/ami.mr\/fr\/wp-json\/wp\/v2\/media?parent=234883"}],"wp:term":[{"taxonomy":"category","embeddable":true,"href":"https:\/\/ami.mr\/fr\/wp-json\/wp\/v2\/categories?post=234883"},{"taxonomy":"post_tag","embeddable":true,"href":"https:\/\/ami.mr\/fr\/wp-json\/wp\/v2\/tags?post=234883"}],"curies":[{"name":"wp","href":"https:\/\/api.w.org\/{rel}","templated":true}]}}