{"id":234863,"date":"2023-11-29T18:53:33","date_gmt":"2023-11-29T18:53:33","guid":{"rendered":"https:\/\/ami.mr\/fr\/?p=234863"},"modified":"2023-11-29T18:53:33","modified_gmt":"2023-11-29T18:53:33","slug":"signature-dune-convention-de-partenariat-entre-le-ministere-de-lemploi-et-le-conseil-national-de-la-jeunesse","status":"publish","type":"post","link":"https:\/\/ami.mr\/fr\/archives\/234863","title":{"rendered":"Signature d\u2019une convention de partenariat entre le minist\u00e8re de l\u2019Emploi et le Conseil national de la jeunesse"},"content":{"rendered":"<p>Le secr\u00e9taire g\u00e9n\u00e9ral du minist\u00e8re de l\u2019Emploi et de la Formation professionnelle, M. Mohamed Salem Ould Boukhreiss, accompagn\u00e9 de la pr\u00e9sidente du Conseil national de la jeunesse, Mme Zeinebou Mint Abdeljelil, a supervis\u00e9, mercredi \u00e0 Nouakchott, la signature d\u2019une convention de formation qualifiante dans le domaine de la construction et de l\u2019industrie pour 160 jeunes.<\/p>\n<p>L\u2019accord a \u00e9t\u00e9 sign\u00e9 par M. Cheikh Mohamed Lamine Ould Eya, Coordonnateur du Programme national int\u00e9gr\u00e9 d\u2019Appui aux Microentreprises, et M. Ahmed Mohamed El Mokhtar Isma\u00ebl, Secr\u00e9taire g\u00e9n\u00e9ral du Conseil National de la Jeunesse.<\/p>\n<p>Cette convention vise \u00e0 mettre en \u0153uvre un programme de formation dans les domaines de la construction et de l\u2019industrie au profit de 160 jeunes en qu\u00eate d\u2019une premi\u00e8re qualification dans divers m\u00e9tiers tels que l\u2019\u00e9lectronique int\u00e9gr\u00e9e (diagnostic), la topographie et la menuiserie aluminium.<\/p>\n<p>A travers cette convention, le Programme national int\u00e9gr\u00e9 d\u2019Appui aux Microentreprises s\u2019engage \u00e0 assurer la formation de 160 jeunes pr\u00e9alablement identifi\u00e9s par le Conseil, \u00e0 soutenir les bourses d\u2019\u00e9tudes tout au long de la p\u00e9riode de formation, \u00e0 fournir une bo\u00eete \u00e0 outils aux jeunes b\u00e9n\u00e9ficiaires pour faciliter leur insertion sur le march\u00e9 du travail et \u00e0 assurer le suivi et l\u2019\u00e9valuation de la mise en \u0153uvre de cet accord.<\/p>\n","protected":false},"excerpt":{"rendered":"<p>Le secr\u00e9taire g\u00e9n\u00e9ral du minist\u00e8re de l\u2019Emploi et de la Formation professionnelle, M. Mohamed Salem Ould Boukhreiss, accompagn\u00e9 de la pr\u00e9sidente du Conseil national de la jeunesse, Mme Zeinebou Mint Abdeljelil, a supervis\u00e9, mercredi \u00e0 Nouakchott, la signature d\u2019une convention de formation qualifiante dans le domaine de la construction et de l\u2019industrie pour 160 jeunes. [&hellip;]<\/p>\n","protected":false},"author":13,"featured_media":234865,"comment_status":"open","ping_status":"open","sticky":false,"template":"","format":"standard","meta":{"footnotes":""},"categories":[63918,63919,63957,63927],"tags":[],"class_list":["post-234863","post","type-post","status-publish","format-standard","has-post-thumbnail","hentry","category-autres","category-choix-du-redacteur","category-fil-dactualite","category-slider-mauritanie"],"_links":{"self":[{"href":"https:\/\/ami.mr\/fr\/wp-json\/wp\/v2\/posts\/234863","targetHints":{"allow":["GET"]}}],"collection":[{"href":"https:\/\/ami.mr\/fr\/wp-json\/wp\/v2\/posts"}],"about":[{"href":"https:\/\/ami.mr\/fr\/wp-json\/wp\/v2\/types\/post"}],"author":[{"embeddable":true,"href":"https:\/\/ami.mr\/fr\/wp-json\/wp\/v2\/users\/13"}],"replies":[{"embeddable":true,"href":"https:\/\/ami.mr\/fr\/wp-json\/wp\/v2\/comments?post=234863"}],"version-history":[{"count":1,"href":"https:\/\/ami.mr\/fr\/wp-json\/wp\/v2\/posts\/234863\/revisions"}],"predecessor-version":[{"id":234866,"href":"https:\/\/ami.mr\/fr\/wp-json\/wp\/v2\/posts\/234863\/revisions\/234866"}],"wp:featuredmedia":[{"embeddable":true,"href":"https:\/\/ami.mr\/fr\/wp-json\/wp\/v2\/media\/234865"}],"wp:attachment":[{"href":"https:\/\/ami.mr\/fr\/wp-json\/wp\/v2\/media?parent=234863"}],"wp:term":[{"taxonomy":"category","embeddable":true,"href":"https:\/\/ami.mr\/fr\/wp-json\/wp\/v2\/categories?post=234863"},{"taxonomy":"post_tag","embeddable":true,"href":"https:\/\/ami.mr\/fr\/wp-json\/wp\/v2\/tags?post=234863"}],"curies":[{"name":"wp","href":"https:\/\/api.w.org\/{rel}","templated":true}]}}