{"id":234854,"date":"2023-11-29T17:54:06","date_gmt":"2023-11-29T17:54:06","guid":{"rendered":"https:\/\/ami.mr\/fr\/?p=234854"},"modified":"2023-11-29T17:54:06","modified_gmt":"2023-11-29T17:54:06","slug":"une-delegation-du-departement-des-relations-exterieures-du-parti-communiste-chinois-pcc-en-visite-en-mauritanie","status":"publish","type":"post","link":"https:\/\/ami.mr\/fr\/archives\/234854","title":{"rendered":"Une d\u00e9l\u00e9gation du D\u00e9partement des relations ext\u00e9rieures du Parti communiste chinois (PCC) en visite en Mauritanie"},"content":{"rendered":"<p>Une d\u00e9l\u00e9gation du D\u00e9partement des relations ext\u00e9rieures du Parti communiste chinois (PCC), conduite par Mme RAO Huihua, directrice du Centre d\u2019\u00e9changes internationaux du D\u00e9partement international du Comit\u00e9 central du PCC, est arriv\u00e9e jeudi apr\u00e8s-midi \u00e0 Nouakchott.<\/p>\n<p>La mission, dont la visite intervient \u00e0 l\u2019invitation du parti &#8221;Insaf&#8221;, a \u00e9t\u00e9 accueillie \u00e0 l\u2019a\u00e9roport international de Nouakchott (Oumoutounsy), par le secr\u00e9taire g\u00e9n\u00e9ral du parti &#8221;Insaf&#8221;, M. Fall N\u2019Guissaly, accompagn\u00e9 d\u2019une d\u00e9l\u00e9gation du parti qui comprend Moutha Mint El Haj, pr\u00e9sidente du Comit\u00e9 national des femmes, Moustapha Ould Baba, pr\u00e9sident du Comit\u00e9 national des Jeunes, Fatimetou Habib, vice-pr\u00e9sidente de l\u2019Assembl\u00e9e nationale, Mokhtar Khalifa, d\u00e9put\u00e9, et Sidati Sid El Khair, conseiller adjoint du pr\u00e9sident du parti.<\/p>\n<p>Le programme de la mission, qui durera deux jours, comprend des rencontres avec le pr\u00e9sident du parti et des conf\u00e9rences sur l\u2019exp\u00e9rience chinoise et les relations sino-mauritaniennes.<\/p>\n<p>La d\u00e9l\u00e9gation du PCC comprend :<\/p>\n<p>M. JIA Bo, membre du Conseil d\u2019administration et directeur du D\u00e9partement des \u00e9changes ext\u00e9rieurs et du D\u00e9veloppement de la formation de l\u2019Acad\u00e9mie des cadres dirigeants de Chine (Yan&#8217;an) ;<\/p>\n<p>Mme ZHENG Wenjie, Chef de division adjoint du Centre d\u2019\u00e9changes internationaux du D\u00e9partement international du Comit\u00e9 central du PCC ;<\/p>\n<p>Et Mme HUANG Di, Interpr\u00e8te.<\/p>\n","protected":false},"excerpt":{"rendered":"<p>Une d\u00e9l\u00e9gation du D\u00e9partement des relations ext\u00e9rieures du Parti communiste chinois (PCC), conduite par Mme RAO Huihua, directrice du Centre d\u2019\u00e9changes internationaux du D\u00e9partement international du Comit\u00e9 central du PCC, est arriv\u00e9e jeudi apr\u00e8s-midi \u00e0 Nouakchott. La mission, dont la visite intervient \u00e0 l\u2019invitation du parti &#8221;Insaf&#8221;, a \u00e9t\u00e9 accueillie \u00e0 l\u2019a\u00e9roport international de Nouakchott [&hellip;]<\/p>\n","protected":false},"author":13,"featured_media":234855,"comment_status":"open","ping_status":"open","sticky":false,"template":"","format":"standard","meta":{"footnotes":""},"categories":[63918,63919,63957,63959],"tags":[],"class_list":["post-234854","post","type-post","status-publish","format-standard","has-post-thumbnail","hentry","category-autres","category-choix-du-redacteur","category-fil-dactualite","category-mauritanie"],"_links":{"self":[{"href":"https:\/\/ami.mr\/fr\/wp-json\/wp\/v2\/posts\/234854","targetHints":{"allow":["GET"]}}],"collection":[{"href":"https:\/\/ami.mr\/fr\/wp-json\/wp\/v2\/posts"}],"about":[{"href":"https:\/\/ami.mr\/fr\/wp-json\/wp\/v2\/types\/post"}],"author":[{"embeddable":true,"href":"https:\/\/ami.mr\/fr\/wp-json\/wp\/v2\/users\/13"}],"replies":[{"embeddable":true,"href":"https:\/\/ami.mr\/fr\/wp-json\/wp\/v2\/comments?post=234854"}],"version-history":[{"count":1,"href":"https:\/\/ami.mr\/fr\/wp-json\/wp\/v2\/posts\/234854\/revisions"}],"predecessor-version":[{"id":234856,"href":"https:\/\/ami.mr\/fr\/wp-json\/wp\/v2\/posts\/234854\/revisions\/234856"}],"wp:featuredmedia":[{"embeddable":true,"href":"https:\/\/ami.mr\/fr\/wp-json\/wp\/v2\/media\/234855"}],"wp:attachment":[{"href":"https:\/\/ami.mr\/fr\/wp-json\/wp\/v2\/media?parent=234854"}],"wp:term":[{"taxonomy":"category","embeddable":true,"href":"https:\/\/ami.mr\/fr\/wp-json\/wp\/v2\/categories?post=234854"},{"taxonomy":"post_tag","embeddable":true,"href":"https:\/\/ami.mr\/fr\/wp-json\/wp\/v2\/tags?post=234854"}],"curies":[{"name":"wp","href":"https:\/\/api.w.org\/{rel}","templated":true}]}}