{"id":234385,"date":"2023-11-23T12:09:50","date_gmt":"2023-11-23T12:09:50","guid":{"rendered":"https:\/\/ami.mr\/fr\/?p=234385"},"modified":"2023-11-23T13:28:41","modified_gmt":"2023-11-23T13:28:41","slug":"a-lassemblee-nationale-examen-en-commission-dun-projet-de-loi-qui-prevoit-lintegration-du-ggsr-dans-le-corps-de-la-police-nationale","status":"publish","type":"post","link":"https:\/\/ami.mr\/fr\/archives\/234385","title":{"rendered":"A l\u2019Assembl\u00e9e Nationale: Examen en commission d\u2019un projet de loi portant int\u00e9gration du GGSR dans le corps de la Police nationale"},"content":{"rendered":"<div class=\"cell auto-size\">\n<div class=\"set-border bd-gray padding10 margin10 no-margin-right no-margin-left \" dir=\"ltr\">\n<p>La Commission de la justice, de l\u2019int\u00e9rieur et de la d\u00e9fense de l\u2019Assembl\u00e9e nationale a consacr\u00e9 la r\u00e9union tenue jeudi, pr\u00e9sid\u00e9e par Ahmed Jiddou Zeine Limam, pr\u00e9sident de la commission, \u00e0 l\u2019examen d\u2019un projet de loi qui portant int\u00e9gration du Groupement g\u00e9n\u00e9ral de la s\u00e9curit\u00e9 routi\u00e8re dans le corps de la Police nationale.<\/p>\n<p>Au cours de la r\u00e9union, la commission a suivi une pr\u00e9sentation du ministre de l\u2019Int\u00e9rieur et de la D\u00e9centralisation, M. Mohamed Ahmed Ould Mohamed Lemine, dans laquelle il a pass\u00e9 en revue les avantages et les caract\u00e9ristiques de cette loi, soulignant que le projet de loi est divis\u00e9 en deux axes principaux, le premier est li\u00e9 au transfert des dispositions relatives au transfert des pr\u00e9rogatives, des personnes, des moyens et des t\u00e2ches du Groupement g\u00e9n\u00e9ral pour la s\u00e9curit\u00e9 routi\u00e8re \u00e0 la Police nationale, tandis que le deuxi\u00e8me axe concerne le principe qui doit r\u00e9gir les modalit\u00e9s d\u2019int\u00e9gration des \u00e9l\u00e9ments du Groupement, \u00e0 savoir le respect des droits acquis dans le domaine de la hi\u00e9rarchie et de l\u2019avancement.<\/p>\n<p>Il a indiqu\u00e9 les modalit\u00e9s de r\u00e9partition des membres du Groupement charg\u00e9e de la s\u00e9curit\u00e9 routi\u00e8re entre les diff\u00e9rents services de la Police nationale et leurs grades au sein de ces corps seront d\u00e9termin\u00e9s par d\u00e9cret.<\/p>\n<\/div>\n<\/div>\n","protected":false},"excerpt":{"rendered":"<p>La Commission de la justice, de l\u2019int\u00e9rieur et de la d\u00e9fense de l\u2019Assembl\u00e9e nationale a consacr\u00e9 la r\u00e9union tenue jeudi, pr\u00e9sid\u00e9e par Ahmed Jiddou Zeine Limam, pr\u00e9sident de la commission, \u00e0 l\u2019examen d\u2019un projet de loi qui portant int\u00e9gration du Groupement g\u00e9n\u00e9ral de la s\u00e9curit\u00e9 routi\u00e8re dans le corps de la Police nationale. Au cours [&hellip;]<\/p>\n","protected":false},"author":5,"featured_media":234386,"comment_status":"open","ping_status":"open","sticky":false,"template":"","format":"standard","meta":{"footnotes":""},"categories":[63920,63919,63957,63959,63927],"tags":[],"class_list":["post-234385","post","type-post","status-publish","format-standard","has-post-thumbnail","hentry","category-a-la-une","category-choix-du-redacteur","category-fil-dactualite","category-mauritanie","category-slider-mauritanie"],"_links":{"self":[{"href":"https:\/\/ami.mr\/fr\/wp-json\/wp\/v2\/posts\/234385","targetHints":{"allow":["GET"]}}],"collection":[{"href":"https:\/\/ami.mr\/fr\/wp-json\/wp\/v2\/posts"}],"about":[{"href":"https:\/\/ami.mr\/fr\/wp-json\/wp\/v2\/types\/post"}],"author":[{"embeddable":true,"href":"https:\/\/ami.mr\/fr\/wp-json\/wp\/v2\/users\/5"}],"replies":[{"embeddable":true,"href":"https:\/\/ami.mr\/fr\/wp-json\/wp\/v2\/comments?post=234385"}],"version-history":[{"count":3,"href":"https:\/\/ami.mr\/fr\/wp-json\/wp\/v2\/posts\/234385\/revisions"}],"predecessor-version":[{"id":234391,"href":"https:\/\/ami.mr\/fr\/wp-json\/wp\/v2\/posts\/234385\/revisions\/234391"}],"wp:featuredmedia":[{"embeddable":true,"href":"https:\/\/ami.mr\/fr\/wp-json\/wp\/v2\/media\/234386"}],"wp:attachment":[{"href":"https:\/\/ami.mr\/fr\/wp-json\/wp\/v2\/media?parent=234385"}],"wp:term":[{"taxonomy":"category","embeddable":true,"href":"https:\/\/ami.mr\/fr\/wp-json\/wp\/v2\/categories?post=234385"},{"taxonomy":"post_tag","embeddable":true,"href":"https:\/\/ami.mr\/fr\/wp-json\/wp\/v2\/tags?post=234385"}],"curies":[{"name":"wp","href":"https:\/\/api.w.org\/{rel}","templated":true}]}}