{"id":234381,"date":"2023-11-23T12:06:23","date_gmt":"2023-11-23T12:06:23","guid":{"rendered":"https:\/\/ami.mr\/fr\/?p=234381"},"modified":"2023-11-23T12:06:23","modified_gmt":"2023-11-23T12:06:23","slug":"le-president-de-lautorite-de-la-zone-franche-de-nouadhibou-se-rend-au-maroc","status":"publish","type":"post","link":"https:\/\/ami.mr\/fr\/archives\/234381","title":{"rendered":"Le pr\u00e9sident de l\u2019autorit\u00e9 de la Zone franche de Nouadhibou se rend au Maroc"},"content":{"rendered":"<p>Le Pr\u00e9sident de l\u2019Autorit\u00e9 de la Zone Franche de Nouadhibou, M. Ba Abdoulaye Mamadou, a quitt\u00e9 ce matin Nouakchott \u00e0 destination du le Royaume du Maroc, pour participer \u00e0 la r\u00e9union de l\u2019Assembl\u00e9e g\u00e9n\u00e9rale des Zones Economiques d\u2019Afrique, qui se tiendra \u00e0 Tanger le 24 de ce mois.<\/p>\n<p>Le Pr\u00e9sident de la Zone Franche est accompagn\u00e9 du directeur de son cabinet, M. Mohamed Lamine Ould Bah.<\/p>\n","protected":false},"excerpt":{"rendered":"<p>Le Pr\u00e9sident de l\u2019Autorit\u00e9 de la Zone Franche de Nouadhibou, M. Ba Abdoulaye Mamadou, a quitt\u00e9 ce matin Nouakchott \u00e0 destination du le Royaume du Maroc, pour participer \u00e0 la r\u00e9union de l\u2019Assembl\u00e9e g\u00e9n\u00e9rale des Zones Economiques d\u2019Afrique, qui se tiendra \u00e0 Tanger le 24 de ce mois. Le Pr\u00e9sident de la Zone Franche est [&hellip;]<\/p>\n","protected":false},"author":5,"featured_media":234382,"comment_status":"open","ping_status":"open","sticky":false,"template":"","format":"standard","meta":{"footnotes":""},"categories":[63918,63957,63926],"tags":[],"class_list":["post-234381","post","type-post","status-publish","format-standard","has-post-thumbnail","hentry","category-autres","category-fil-dactualite","category-slider-general"],"_links":{"self":[{"href":"https:\/\/ami.mr\/fr\/wp-json\/wp\/v2\/posts\/234381","targetHints":{"allow":["GET"]}}],"collection":[{"href":"https:\/\/ami.mr\/fr\/wp-json\/wp\/v2\/posts"}],"about":[{"href":"https:\/\/ami.mr\/fr\/wp-json\/wp\/v2\/types\/post"}],"author":[{"embeddable":true,"href":"https:\/\/ami.mr\/fr\/wp-json\/wp\/v2\/users\/5"}],"replies":[{"embeddable":true,"href":"https:\/\/ami.mr\/fr\/wp-json\/wp\/v2\/comments?post=234381"}],"version-history":[{"count":2,"href":"https:\/\/ami.mr\/fr\/wp-json\/wp\/v2\/posts\/234381\/revisions"}],"predecessor-version":[{"id":234384,"href":"https:\/\/ami.mr\/fr\/wp-json\/wp\/v2\/posts\/234381\/revisions\/234384"}],"wp:featuredmedia":[{"embeddable":true,"href":"https:\/\/ami.mr\/fr\/wp-json\/wp\/v2\/media\/234382"}],"wp:attachment":[{"href":"https:\/\/ami.mr\/fr\/wp-json\/wp\/v2\/media?parent=234381"}],"wp:term":[{"taxonomy":"category","embeddable":true,"href":"https:\/\/ami.mr\/fr\/wp-json\/wp\/v2\/categories?post=234381"},{"taxonomy":"post_tag","embeddable":true,"href":"https:\/\/ami.mr\/fr\/wp-json\/wp\/v2\/tags?post=234381"}],"curies":[{"name":"wp","href":"https:\/\/api.w.org\/{rel}","templated":true}]}}