{"id":234195,"date":"2023-11-21T11:30:53","date_gmt":"2023-11-21T11:30:53","guid":{"rendered":"https:\/\/ami.mr\/fr\/?p=234195"},"modified":"2023-11-21T11:30:53","modified_gmt":"2023-11-21T11:30:53","slug":"lambassade-du-sultanat-doman-organise-une-reception-a-loccasion-de-la-fete-nationale-de-son-pays","status":"publish","type":"post","link":"https:\/\/ami.mr\/fr\/archives\/234195","title":{"rendered":"L\u2019Ambassade du Sultanat d\u2019Oman organise une r\u00e9ception \u00e0 l\u2019occasion de la f\u00eate nationale de son pays"},"content":{"rendered":"<p>L\u2019Ambassade du Sultanat d\u2019Oman a organis\u00e9, lundi soir, \u00e0 l\u2019occasion du 53e anniversaire du Sultanat.<\/p>\n<p>Le gouvernement a \u00e9t\u00e9 repr\u00e9sent\u00e9 par une d\u00e9l\u00e9gation comprenant les ministres des Affaires \u00e9trang\u00e8res, de la Coop\u00e9ration et des Mauritaniens de l\u2019Ext\u00e9rieur, M. Mohamed Salem Ould Merzoug, des Affaires Islamiques et de l\u2019Enseignement originel, M. Dah Ould Sidi Ould Amar Taleb, le ministre d\u00e9l\u00e9gu\u00e9 aupr\u00e8s du ministre des Affaires \u00e9trang\u00e8res, de la Coop\u00e9ration et des Mauritaniens de l\u2019Ext\u00e9rieur, M. Mohamed Yahya Ould Sa\u00eed et le Conseiller du Premier ministre charg\u00e9 de l\u2019\u00c9nergie, M. El Hacen Ould Mohamed Ely.<\/p>\n<p>Dans son mot \u00e0 cette occasion, l\u2019ambassadeur du Sultanat d\u2019Oman, S.E. Cheikh Seif bin Hilal bin Ali Al Maamari, a d\u00e9clar\u00e9 que les relations mauritano-omanaises sont caract\u00e9ris\u00e9es par la force et l\u2019harmonie des positions vis-\u00e0-vis des \u00e9v\u00e9nements qui se d\u00e9roulent dans le monde, \u00e0 travers leur adoption du principe de paix et de dialogue, afin de parvenir \u00e0 la s\u00e9curit\u00e9 et \u00e0 la stabilit\u00e9 pour tous les peuples.<\/p>\n<p>Il a ajout\u00e9 que les deux pays entretiennent des relations de coop\u00e9ration et de partenariat dans divers domaines, concr\u00e9tis\u00e9es par la signature de plusieurs accords de coop\u00e9ration et m\u00e9morandums d\u2019entente.<\/p>\n","protected":false},"excerpt":{"rendered":"<p>L\u2019Ambassade du Sultanat d\u2019Oman a organis\u00e9, lundi soir, \u00e0 l\u2019occasion du 53e anniversaire du Sultanat. Le gouvernement a \u00e9t\u00e9 repr\u00e9sent\u00e9 par une d\u00e9l\u00e9gation comprenant les ministres des Affaires \u00e9trang\u00e8res, de la Coop\u00e9ration et des Mauritaniens de l\u2019Ext\u00e9rieur, M. Mohamed Salem Ould Merzoug, des Affaires Islamiques et de l\u2019Enseignement originel, M. Dah Ould Sidi Ould Amar [&hellip;]<\/p>\n","protected":false},"author":10,"featured_media":234196,"comment_status":"open","ping_status":"open","sticky":false,"template":"","format":"standard","meta":{"footnotes":""},"categories":[63918,63957,63959],"tags":[],"class_list":["post-234195","post","type-post","status-publish","format-standard","has-post-thumbnail","hentry","category-autres","category-fil-dactualite","category-mauritanie"],"_links":{"self":[{"href":"https:\/\/ami.mr\/fr\/wp-json\/wp\/v2\/posts\/234195","targetHints":{"allow":["GET"]}}],"collection":[{"href":"https:\/\/ami.mr\/fr\/wp-json\/wp\/v2\/posts"}],"about":[{"href":"https:\/\/ami.mr\/fr\/wp-json\/wp\/v2\/types\/post"}],"author":[{"embeddable":true,"href":"https:\/\/ami.mr\/fr\/wp-json\/wp\/v2\/users\/10"}],"replies":[{"embeddable":true,"href":"https:\/\/ami.mr\/fr\/wp-json\/wp\/v2\/comments?post=234195"}],"version-history":[{"count":1,"href":"https:\/\/ami.mr\/fr\/wp-json\/wp\/v2\/posts\/234195\/revisions"}],"predecessor-version":[{"id":234197,"href":"https:\/\/ami.mr\/fr\/wp-json\/wp\/v2\/posts\/234195\/revisions\/234197"}],"wp:featuredmedia":[{"embeddable":true,"href":"https:\/\/ami.mr\/fr\/wp-json\/wp\/v2\/media\/234196"}],"wp:attachment":[{"href":"https:\/\/ami.mr\/fr\/wp-json\/wp\/v2\/media?parent=234195"}],"wp:term":[{"taxonomy":"category","embeddable":true,"href":"https:\/\/ami.mr\/fr\/wp-json\/wp\/v2\/categories?post=234195"},{"taxonomy":"post_tag","embeddable":true,"href":"https:\/\/ami.mr\/fr\/wp-json\/wp\/v2\/tags?post=234195"}],"curies":[{"name":"wp","href":"https:\/\/api.w.org\/{rel}","templated":true}]}}