{"id":234079,"date":"2023-11-19T21:00:43","date_gmt":"2023-11-19T21:00:43","guid":{"rendered":"https:\/\/ami.mr\/fr\/?p=234079"},"modified":"2023-11-19T21:00:43","modified_gmt":"2023-11-19T21:00:43","slug":"trarza-commemoration-de-la-journee-africaine-de-la-securite-routiere","status":"publish","type":"post","link":"https:\/\/ami.mr\/fr\/archives\/234079","title":{"rendered":"Trarza : Comm\u00e9moration de la Journ\u00e9e Africaine de la S\u00e9curit\u00e9 Routi\u00e8re"},"content":{"rendered":"<div class=\"row\"><\/div>\n<div class=\"row\">\n<div class=\"cell auto-size\">\n<div class=\"set-border bd-gray padding10 margin10 no-margin-right no-margin-left \" dir=\"ltr\">\n<p>La Journ\u00e9e Africaine de la S\u00e9curit\u00e9 Routi\u00e8re a fait l\u2019objet dimanche \u00e0 Rosso, au si\u00e8ge r\u00e9gional de l&#8217;Autorit\u00e9 de r\u00e9gulation des transports routiers, d\u2019une c\u00e9l\u00e9bration organis\u00e9e sous le th\u00e8me de: \u00ab La priorit\u00e9 doit toujours \u00eatre donn\u00e9e aux pi\u00e9tons \u00bb.<\/p>\n<p>Les pouvoirs publics accordent une grande attention au transport public en tant qu&#8217;incarnation du programme \u00ab Taahoudati \u00bb de Son Excellence le Pr\u00e9sident de la R\u00e9publique, Monsieur Mohamed Ould Cheikh El-Ghazouani, a affirm\u00e9 \u00e0 cette occasion, le wali du Trarza, M. Mohamed Ould Ahmed Maouloud, selon lequel, le transport est consid\u00e9r\u00e9 comme \u00e9tant l\u2019un des plus importants secteurs commerciaux qui interpellent le sens de la responsabilit\u00e9, compte tenu de son r\u00f4le majeur dans la s\u00e9curit\u00e9 et l\u2019am\u00e9lioration du niveau de vie de la population et de la s\u00fbret\u00e9 et de la s\u00e9curit\u00e9 des citoyens.<\/p>\n<p>C\u2019est dans ce cadre que s\u2019inscrit la comm\u00e9moration de la Journ\u00e9e africaine de la s\u00e9curit\u00e9 routi\u00e8re afin de sensibiliser sur l&#8217;importance du secteur et sur les r\u00f4les fondamentaux qu&#8217;il doit jouer pour contribuer efficacement \u00e0 l&#8217;\u00e9dification de la nation, a-t-il dit, rappelant les pertes humaines consid\u00e9rables caus\u00e9s par les accidents, en raison de l\u2019&#8217;imprudence des conducteurs et du manque de respect du code de la circulation.<\/p>\n<p>Prenant \u00e0 son tour la parole, le d\u00e9l\u00e9gu\u00e9 r\u00e9gional de l&#8217;Autorit\u00e9 de r\u00e9gulation des transports routiers au niveau de la wilaya du Trarza, M. Yeslem Brahim Cheikh Labaid, a soulign\u00e9 l&#8217;importance accord\u00e9e par le gouvernement au secteur des transports publics et \u00e0 l&#8217;am\u00e9lioration de la s\u00e9curit\u00e9 routi\u00e8re en particulier, ainsi que les mesures prises par l&#8217;Autorit\u00e9 au cours des derni\u00e8res ann\u00e9es, notamment la cr\u00e9ation d&#8217;un prix dans le domaine de la s\u00e9curit\u00e9 routi\u00e8re et la suspension des transports publics des biens et des personnes \u00e0 partir de 00h jusqu\u2019\u00e0 cinq heures du matin, en plus des efforts de sensibilisations d\u00e9ploy\u00e9s par ses \u00e9quipes sur le terrain, afin de limiter le transport aux seuls conducteurs professionnels.<\/p>\n<p>La Hakem Adjoint de la moughataa de Rosso, le vice-pr\u00e9sident de la commission r\u00e9gionale du Trarza, l&#8217;adjoint au maire de la commune de Rosso et les chefs des services de s\u00e9curit\u00e9 de la wilaya ont assist\u00e9 \u00e0 cette c\u00e9l\u00e9bration.<\/p>\n<\/div>\n<\/div>\n<\/div>\n","protected":false},"excerpt":{"rendered":"<p>La Journ\u00e9e Africaine de la S\u00e9curit\u00e9 Routi\u00e8re a fait l\u2019objet dimanche \u00e0 Rosso, au si\u00e8ge r\u00e9gional de l&#8217;Autorit\u00e9 de r\u00e9gulation des transports routiers, d\u2019une c\u00e9l\u00e9bration organis\u00e9e sous le th\u00e8me de: \u00ab La priorit\u00e9 doit toujours \u00eatre donn\u00e9e aux pi\u00e9tons \u00bb. Les pouvoirs publics accordent une grande attention au transport public en tant qu&#8217;incarnation du programme [&hellip;]<\/p>\n","protected":false},"author":8,"featured_media":234082,"comment_status":"open","ping_status":"open","sticky":false,"template":"","format":"standard","meta":{"footnotes":""},"categories":[63918,63957],"tags":[],"class_list":["post-234079","post","type-post","status-publish","format-standard","has-post-thumbnail","hentry","category-autres","category-fil-dactualite"],"_links":{"self":[{"href":"https:\/\/ami.mr\/fr\/wp-json\/wp\/v2\/posts\/234079","targetHints":{"allow":["GET"]}}],"collection":[{"href":"https:\/\/ami.mr\/fr\/wp-json\/wp\/v2\/posts"}],"about":[{"href":"https:\/\/ami.mr\/fr\/wp-json\/wp\/v2\/types\/post"}],"author":[{"embeddable":true,"href":"https:\/\/ami.mr\/fr\/wp-json\/wp\/v2\/users\/8"}],"replies":[{"embeddable":true,"href":"https:\/\/ami.mr\/fr\/wp-json\/wp\/v2\/comments?post=234079"}],"version-history":[{"count":1,"href":"https:\/\/ami.mr\/fr\/wp-json\/wp\/v2\/posts\/234079\/revisions"}],"predecessor-version":[{"id":234083,"href":"https:\/\/ami.mr\/fr\/wp-json\/wp\/v2\/posts\/234079\/revisions\/234083"}],"wp:featuredmedia":[{"embeddable":true,"href":"https:\/\/ami.mr\/fr\/wp-json\/wp\/v2\/media\/234082"}],"wp:attachment":[{"href":"https:\/\/ami.mr\/fr\/wp-json\/wp\/v2\/media?parent=234079"}],"wp:term":[{"taxonomy":"category","embeddable":true,"href":"https:\/\/ami.mr\/fr\/wp-json\/wp\/v2\/categories?post=234079"},{"taxonomy":"post_tag","embeddable":true,"href":"https:\/\/ami.mr\/fr\/wp-json\/wp\/v2\/tags?post=234079"}],"curies":[{"name":"wp","href":"https:\/\/api.w.org\/{rel}","templated":true}]}}