{"id":234075,"date":"2023-11-19T20:32:31","date_gmt":"2023-11-19T20:32:31","guid":{"rendered":"https:\/\/ami.mr\/fr\/?p=234075"},"modified":"2023-11-19T20:32:31","modified_gmt":"2023-11-19T20:32:31","slug":"la-commune-de-nouadhibou-organise-en-partenariat-avec-une-mission-espagnole-des-journees-sanitaires","status":"publish","type":"post","link":"https:\/\/ami.mr\/fr\/archives\/234075","title":{"rendered":"La commune de Nouadhibou organise en partenariat avec une mission espagnole des journ\u00e9es sanitaires"},"content":{"rendered":"<div class=\"row\"><\/div>\n<div class=\"row\">\n<div class=\"cell auto-size\">\n<div class=\"set-border bd-gray padding10 margin10 no-margin-right no-margin-left \" dir=\"ltr\">\n<p>La Commune de Nouadhibou a lanc\u00e9, ce dimanche, en partenariat avec une mission de sant\u00e9 relevant de deux organisations espagnoles : (Coop\u00e9ration Africaine et Adaro) une campagne sanitaire, \u00e0 partir du Centre Municipal de Sant\u00e9 N\u00b02 \u00e0 Baghdad.<\/p>\n<p>Supervisant la c\u00e9r\u00e9monie de lancement de ces journ\u00e9es de sant\u00e9, le maire de la commune de Nouadhibou, M. El Ghassem Ould Bellali s\u2019est inform\u00e9 sur le d\u00e9roulement de la campagne et a suivi des explications d\u00e9taill\u00e9es pr\u00e9sent\u00e9es par les staffs m\u00e9dicaux, appelant \u00e0 accorder toute l\u2019attention n\u00e9cessaire aux habitants de la commune de la capitale \u00e9conomique mauritanienne, afin de faire b\u00e9n\u00e9ficier le maximum de citoyens de cette pr\u00e9cieuse opportunit\u00e9 portant sur l\u2019acc\u00e8s \u00e0 des consultations gratuites.<\/p>\n<p>Cette mission s&#8217;inscrit dans le cadre d&#8217;une coop\u00e9ration \u00e9troite entre la commune et certaines organisations espagnoles, avec comme objectif principal d\u2019examiner la situation sanitaire \u00e0 Nouadhibou afin d\u2019\u00e9tablir de futurs programmes de sant\u00e9 \u00e0 long terme avec la commune dans le domaine de la sant\u00e9, notamment dans les sp\u00e9cialit\u00e9s d\u2019ophtalmologie, de l\u2019ORL, de l\u2019orthop\u00e9die, a affirm\u00e9 \u00e0 cette occasion, le responsable de la coop\u00e9ration internationale de la commune de Nouadhibou M. Brahim Ahmed Mahmoud.<\/p>\n<p>Les habitants ont afflu\u00e9 dans l\u2019espoir de se faire consulter gratuitement par cette mission forte de 7 personnes dont des sp\u00e9cialistes Ophtalmo, ORL, os en plus de techniciens, a-t-il ajout\u00e9<\/p>\n<p>La coop\u00e9ration future entre les deux parties comprend la cr\u00e9ation d&#8217;une unit\u00e9 de chirurgie ophtalmologique et d&#8217;une unit\u00e9 traitant des probl\u00e8mes orthop\u00e9diques au centre municipal n\u00b02 de Bagdad.<\/p>\n<p>Les populations de Nouadhibou ont appr\u00e9ci\u00e9 cette campagne lanc\u00e9e par la commune, appelant \u00e0 poursuivre cette louable et pr\u00e9cieuse initiative.<\/p>\n<\/div>\n<\/div>\n<\/div>\n","protected":false},"excerpt":{"rendered":"<p>La Commune de Nouadhibou a lanc\u00e9, ce dimanche, en partenariat avec une mission de sant\u00e9 relevant de deux organisations espagnoles : (Coop\u00e9ration Africaine et Adaro) une campagne sanitaire, \u00e0 partir du Centre Municipal de Sant\u00e9 N\u00b02 \u00e0 Baghdad. Supervisant la c\u00e9r\u00e9monie de lancement de ces journ\u00e9es de sant\u00e9, le maire de la commune de Nouadhibou, [&hellip;]<\/p>\n","protected":false},"author":8,"featured_media":234077,"comment_status":"open","ping_status":"open","sticky":false,"template":"","format":"standard","meta":{"footnotes":""},"categories":[63918,63957],"tags":[],"class_list":["post-234075","post","type-post","status-publish","format-standard","has-post-thumbnail","hentry","category-autres","category-fil-dactualite"],"_links":{"self":[{"href":"https:\/\/ami.mr\/fr\/wp-json\/wp\/v2\/posts\/234075","targetHints":{"allow":["GET"]}}],"collection":[{"href":"https:\/\/ami.mr\/fr\/wp-json\/wp\/v2\/posts"}],"about":[{"href":"https:\/\/ami.mr\/fr\/wp-json\/wp\/v2\/types\/post"}],"author":[{"embeddable":true,"href":"https:\/\/ami.mr\/fr\/wp-json\/wp\/v2\/users\/8"}],"replies":[{"embeddable":true,"href":"https:\/\/ami.mr\/fr\/wp-json\/wp\/v2\/comments?post=234075"}],"version-history":[{"count":1,"href":"https:\/\/ami.mr\/fr\/wp-json\/wp\/v2\/posts\/234075\/revisions"}],"predecessor-version":[{"id":234078,"href":"https:\/\/ami.mr\/fr\/wp-json\/wp\/v2\/posts\/234075\/revisions\/234078"}],"wp:featuredmedia":[{"embeddable":true,"href":"https:\/\/ami.mr\/fr\/wp-json\/wp\/v2\/media\/234077"}],"wp:attachment":[{"href":"https:\/\/ami.mr\/fr\/wp-json\/wp\/v2\/media?parent=234075"}],"wp:term":[{"taxonomy":"category","embeddable":true,"href":"https:\/\/ami.mr\/fr\/wp-json\/wp\/v2\/categories?post=234075"},{"taxonomy":"post_tag","embeddable":true,"href":"https:\/\/ami.mr\/fr\/wp-json\/wp\/v2\/tags?post=234075"}],"curies":[{"name":"wp","href":"https:\/\/api.w.org\/{rel}","templated":true}]}}