{"id":234071,"date":"2023-11-19T20:22:50","date_gmt":"2023-11-19T20:22:50","guid":{"rendered":"https:\/\/ami.mr\/fr\/?p=234071"},"modified":"2023-11-19T20:22:50","modified_gmt":"2023-11-19T20:22:50","slug":"le-ministre-des-affaires-etrangeres-rencontre-le-vice-ministre-ukrainien-des-affaires-etrangeres","status":"publish","type":"post","link":"https:\/\/ami.mr\/fr\/archives\/234071","title":{"rendered":"Le ministre des Affaires \u00e9trang\u00e8res rencontre le vice-ministre ukrainien des affaires \u00e9trang\u00e8res"},"content":{"rendered":"<div class=\"row\"><\/div>\n<div class=\"row\">\n<div class=\"cell auto-size\">\n<div class=\"set-border bd-gray padding10 margin10 no-margin-right no-margin-left \" dir=\"ltr\">\n<p>Le ministre des Affaires \u00e9trang\u00e8res, de la Coop\u00e9ration et des mauritaniens de l&#8217;ext\u00e9rieur, M. Mohamed Salem Ould Merzoug, a rencontr\u00e9, dimanche \u00e0 Nouakchott, M. SUBKH Maksym, vice-ministre ukrainien des affaires \u00e9trang\u00e8res, envoy\u00e9 sp\u00e9cial pour le moyen orient et l&#8217;Afrique et la d\u00e9l\u00e9gation qui l&#8217;accompagne.<\/p>\n<p>La rencontre a port\u00e9 sur les questions d&#8217;int\u00e9r\u00eat commun notamment l&#8217;invitation adress\u00e9e au Pr\u00e9sident de la R\u00e9publique, Son Excellence Monsieur Mohamed Ould Cheikh El Ghazouani par son homologue ukrainien, M. Vlademir Zelinski pour participer au sommet international de la s\u00e9curit\u00e9 alimentaire pr\u00e9vue en Ukraine.<\/p>\n<p>Les deux parties ont aussi abord\u00e9 l&#8217;ouverture d&#8217;une nouvelle ambassade ukrainienne en Mauritanie et l&#8217;\u00e9largissement de la coop\u00e9ration bilat\u00e9rale pour qu&#8217;elle englobe les domaines de l&#8217;\u00e9nergie, de la s\u00e9curit\u00e9 alimentaire, de l&#8217;enseignement sup\u00e9rieur, de la recherche scientifique et de la p\u00eache.<\/p>\n<p>Il est \u00e0 noter que cette visite intervient apr\u00e8s la communication t\u00e9l\u00e9phonique qu&#8217;a eu le ministre des Affaires \u00e9trang\u00e8res, de la coop\u00e9ration et des mauritaniens de l&#8217;ext\u00e9rieur avec son homologue ukrainien et la rencontre qui a eu lieu entre les deux ministres en marge de la r\u00e9union de la 78eme session de l&#8217;Assembl\u00e9e g\u00e9n\u00e9rale de l&#8217;ONU \u00e0 New York.<\/p>\n<p>La rencontre s&#8217;est d\u00e9roul\u00e9e en pr\u00e9sence de l&#8217;ambassadeur Mohamed El Hanchi Ketab, directeur g\u00e9n\u00e9ral de la coop\u00e9ration bilat\u00e9rale et de l&#8217;ambassadeur Ahmed Mahmouden, directeur des affaires europ\u00e9ennes au minist\u00e8re.<\/p>\n<\/div>\n<\/div>\n<\/div>\n","protected":false},"excerpt":{"rendered":"<p>Le ministre des Affaires \u00e9trang\u00e8res, de la Coop\u00e9ration et des mauritaniens de l&#8217;ext\u00e9rieur, M. Mohamed Salem Ould Merzoug, a rencontr\u00e9, dimanche \u00e0 Nouakchott, M. SUBKH Maksym, vice-ministre ukrainien des affaires \u00e9trang\u00e8res, envoy\u00e9 sp\u00e9cial pour le moyen orient et l&#8217;Afrique et la d\u00e9l\u00e9gation qui l&#8217;accompagne. La rencontre a port\u00e9 sur les questions d&#8217;int\u00e9r\u00eat commun notamment l&#8217;invitation [&hellip;]<\/p>\n","protected":false},"author":8,"featured_media":234073,"comment_status":"open","ping_status":"open","sticky":false,"template":"","format":"standard","meta":{"footnotes":""},"categories":[63918,63957],"tags":[],"class_list":["post-234071","post","type-post","status-publish","format-standard","has-post-thumbnail","hentry","category-autres","category-fil-dactualite"],"_links":{"self":[{"href":"https:\/\/ami.mr\/fr\/wp-json\/wp\/v2\/posts\/234071","targetHints":{"allow":["GET"]}}],"collection":[{"href":"https:\/\/ami.mr\/fr\/wp-json\/wp\/v2\/posts"}],"about":[{"href":"https:\/\/ami.mr\/fr\/wp-json\/wp\/v2\/types\/post"}],"author":[{"embeddable":true,"href":"https:\/\/ami.mr\/fr\/wp-json\/wp\/v2\/users\/8"}],"replies":[{"embeddable":true,"href":"https:\/\/ami.mr\/fr\/wp-json\/wp\/v2\/comments?post=234071"}],"version-history":[{"count":1,"href":"https:\/\/ami.mr\/fr\/wp-json\/wp\/v2\/posts\/234071\/revisions"}],"predecessor-version":[{"id":234074,"href":"https:\/\/ami.mr\/fr\/wp-json\/wp\/v2\/posts\/234071\/revisions\/234074"}],"wp:featuredmedia":[{"embeddable":true,"href":"https:\/\/ami.mr\/fr\/wp-json\/wp\/v2\/media\/234073"}],"wp:attachment":[{"href":"https:\/\/ami.mr\/fr\/wp-json\/wp\/v2\/media?parent=234071"}],"wp:term":[{"taxonomy":"category","embeddable":true,"href":"https:\/\/ami.mr\/fr\/wp-json\/wp\/v2\/categories?post=234071"},{"taxonomy":"post_tag","embeddable":true,"href":"https:\/\/ami.mr\/fr\/wp-json\/wp\/v2\/tags?post=234071"}],"curies":[{"name":"wp","href":"https:\/\/api.w.org\/{rel}","templated":true}]}}