{"id":233904,"date":"2023-11-16T18:32:32","date_gmt":"2023-11-16T18:32:32","guid":{"rendered":"https:\/\/ami.mr\/fr\/?p=233904"},"modified":"2023-11-16T18:32:32","modified_gmt":"2023-11-16T18:32:32","slug":"distribution-de-550-tonnes-de-semences-de-pommes-de-terre-dans-les-zones-de-production","status":"publish","type":"post","link":"https:\/\/ami.mr\/fr\/archives\/233904","title":{"rendered":"Distribution de 550 tonnes de semences de pommes de terre dans les zones de production"},"content":{"rendered":"<div class=\"row\"><\/div>\n<div class=\"row\">\n<div class=\"cell auto-size\">\n<div class=\"set-border bd-gray padding10 margin10 no-margin-right no-margin-left \" dir=\"ltr\">\n<p>550 tonnes de semences de pommes de terre ont \u00e9t\u00e9 distribu\u00e9es, jeudi \u00e0 Nouakchott au profit des zones de production dans le cadre de la campagne hivernale de culture mara\u00eech\u00e8re pour la saison 2023-2024.<\/p>\n<p>La distribution de cette quantit\u00e9 a \u00e9t\u00e9 supervis\u00e9e par le secr\u00e9taire g\u00e9n\u00e9ral du minist\u00e8re de l\u2019Agriculture, M. Ahmed Salem Ould Larbi, qui a affirm\u00e9 que cette quantit\u00e9 permettra l\u2019exploitation de 300 hectares de la culture de la pomme de terre, ce qui contribuera \u00e0 l\u2019approvisionnement en l\u00e9gumes sur les march\u00e9s nationaux, notamment pendant le mois de Ramadan.<\/p>\n<p>Il a ajout\u00e9 que cette op\u00e9ration s\u2019inscrit dans la volont\u00e9 de Son Excellence le Pr\u00e9sident de la R\u00e9publique, Monsieur Mohamed Ould Cheikh El Ghazouani, d\u2019atteindre l\u2019autosuffisance alimentaire \u00e0 travers la promotion de la culture des produits les plus consomm\u00e9s, rappelant aux citoyens que ces produits sont destin\u00e9s \u00e0 l\u2019agriculture et non \u00e0 la consommation.<\/p>\n<p>Dans une d\u00e9claration \u00e0 l\u2019AMI, le directeur du d\u00e9veloppement agricole au minist\u00e8re de l\u2019Agriculture, Baba Ahmed Ould Neqra, a averti que cette quantit\u00e9 s\u2019inscrit dans le cadre des efforts du minist\u00e8re pour contribuer \u00e0 la fourniture de ce produit en quantit\u00e9 et en qualit\u00e9 acceptables, en particulier, pendant le mois de Ramadan, g\u00e9n\u00e9ralement marqu\u00e9 par une forte demande de ce produit.<\/p>\n<p>Il a ajout\u00e9 que ces semences \u00e9taient trait\u00e9es \u00e0 l\u2019aide de produits chimiques, ce qui les rendait impropres \u00e0 la consommation humaine ou animale, de sorte qu\u2019il fallait faire preuve de prudence dans ce domaine.<\/p>\n<p>Cette op\u00e9ration s\u2019ajoute aux pr\u00e9c\u00e9dents intrants agricoles mis \u00e0 la disposition des agriculteurs, en particulier, dans les zones pluviales, dans le but de r\u00e9activer cette fili\u00e8re, dont la consommation a connu un recul suite \u00e0 des pr\u00e9cautions prises par les habitants ces derni\u00e8res ann\u00e9es.<\/p>\n<p>La c\u00e9r\u00e9monie de distribution s\u2019est d\u00e9roul\u00e9e en pr\u00e9sence de hauts fonctionnaires du minist\u00e8re de l\u2019Agriculture.<\/p>\n<\/div>\n<\/div>\n<\/div>\n","protected":false},"excerpt":{"rendered":"<p>550 tonnes de semences de pommes de terre ont \u00e9t\u00e9 distribu\u00e9es, jeudi \u00e0 Nouakchott au profit des zones de production dans le cadre de la campagne hivernale de culture mara\u00eech\u00e8re pour la saison 2023-2024. La distribution de cette quantit\u00e9 a \u00e9t\u00e9 supervis\u00e9e par le secr\u00e9taire g\u00e9n\u00e9ral du minist\u00e8re de l\u2019Agriculture, M. Ahmed Salem Ould Larbi, [&hellip;]<\/p>\n","protected":false},"author":8,"featured_media":233905,"comment_status":"open","ping_status":"open","sticky":false,"template":"","format":"standard","meta":{"footnotes":""},"categories":[63918,63957],"tags":[],"class_list":["post-233904","post","type-post","status-publish","format-standard","has-post-thumbnail","hentry","category-autres","category-fil-dactualite"],"_links":{"self":[{"href":"https:\/\/ami.mr\/fr\/wp-json\/wp\/v2\/posts\/233904","targetHints":{"allow":["GET"]}}],"collection":[{"href":"https:\/\/ami.mr\/fr\/wp-json\/wp\/v2\/posts"}],"about":[{"href":"https:\/\/ami.mr\/fr\/wp-json\/wp\/v2\/types\/post"}],"author":[{"embeddable":true,"href":"https:\/\/ami.mr\/fr\/wp-json\/wp\/v2\/users\/8"}],"replies":[{"embeddable":true,"href":"https:\/\/ami.mr\/fr\/wp-json\/wp\/v2\/comments?post=233904"}],"version-history":[{"count":1,"href":"https:\/\/ami.mr\/fr\/wp-json\/wp\/v2\/posts\/233904\/revisions"}],"predecessor-version":[{"id":233906,"href":"https:\/\/ami.mr\/fr\/wp-json\/wp\/v2\/posts\/233904\/revisions\/233906"}],"wp:featuredmedia":[{"embeddable":true,"href":"https:\/\/ami.mr\/fr\/wp-json\/wp\/v2\/media\/233905"}],"wp:attachment":[{"href":"https:\/\/ami.mr\/fr\/wp-json\/wp\/v2\/media?parent=233904"}],"wp:term":[{"taxonomy":"category","embeddable":true,"href":"https:\/\/ami.mr\/fr\/wp-json\/wp\/v2\/categories?post=233904"},{"taxonomy":"post_tag","embeddable":true,"href":"https:\/\/ami.mr\/fr\/wp-json\/wp\/v2\/tags?post=233904"}],"curies":[{"name":"wp","href":"https:\/\/api.w.org\/{rel}","templated":true}]}}