{"id":233791,"date":"2023-11-14T19:39:01","date_gmt":"2023-11-14T19:39:01","guid":{"rendered":"https:\/\/ami.mr\/fr\/?p=233791"},"modified":"2023-11-16T10:12:15","modified_gmt":"2023-11-16T10:12:15","slug":"le-wali-du-tagant-appelle-a-la-reussite-de-lecole-republicaine","status":"publish","type":"post","link":"https:\/\/ami.mr\/fr\/archives\/233791","title":{"rendered":"Le wali du Tagant appelle \u00e0 la r\u00e9ussite de l\u2019Ecole R\u00e9publicaine"},"content":{"rendered":"<p>Le wali du Tagant, M. Tayib Ould Mohamed Mahmoud, a pr\u00e9sid\u00e9, mardi \u00e0 Tidjikdja, une r\u00e9union avec la famille \u00e9ducative, au d\u00e9but de laquelle il a ordonn\u00e9 la lecture d\u2019El Vatiha en hommage au d\u00e9funt de la famille \u00e9ducative, l\u2019ancien directeur du lyc\u00e9e Tidjikdja, M. Ahmedou Ould Sidemmou, avant d\u2019appeler tous les acteurs de l\u2019op\u00e9ration \u00e9ducative \u00e0 redoubler d\u2019efforts pour que la Wilaya conserve l\u2019excellente r\u00e9putation dont elle jouit depuis toujours.<\/p>\n<p>Il a, en outre, soulign\u00e9 que la r\u00e9ussite \u00e9ducative d\u00e9pend des efforts concert\u00e9s de tous, y compris les directeurs, les parents d\u2019\u00e9l\u00e8ves et les acteurs associatifs, rappelant que les hautes autorit\u00e9s du pays font de ce secteur le principal pilier de tout progr\u00e8s.<\/p>\n<p>L\u2019atteinte de cet objectif n\u00e9cessite des efforts permanents tout au long de l\u2019ann\u00e9e scolaire, ajoutant que l\u2019administration ne peut pas rester les bras crois\u00e9s devant l\u2019absent\u00e9isme des \u00e9l\u00e8ves et des enseignants sans appliquer les sanctions pr\u00e9vues par la proc\u00e9dure l\u00e9gale.<\/p>\n<p>Ould Mohamed Mahmoud a, \u00e9galement, indiqu\u00e9 que les engagements pris par le ministre, lors de sa rencontre avec la famille \u00e9ducative dans le cadre de sa r\u00e9cente visite dans la Wilaya, seront mis en \u0153uvre lorsque les conditions financi\u00e8res et \u00e9conomiques seront propices \u00e0 l\u2019am\u00e9lioration des salaires et des incitations, conform\u00e9ment aux hautes directives du Pr\u00e9sident de la R\u00e9publique.<\/p>\n<p>De leur c\u00f4t\u00e9, les intervenants ont salu\u00e9 cette rencontre, qui s\u2019inscrit dans le cadre des efforts visant \u00e0 trouver des solutions aux probl\u00e8mes pos\u00e9s au secteur depuis longtemps, saluant les r\u00e9alisations faites dans les domaines humain et logistique depuis que Son Excellence le Pr\u00e9sident de la R\u00e9publique a pris les r\u00eanes du pouvoir.<\/p>\n<p>Le wali \u00e9tait accompagn\u00e9, au cours de la visite, de son conseiller charg\u00e9 des affaires \u00e9conomiques et du d\u00e9veloppement local, M. Housseine Ould Habibi, du hakem de Tidjikdja, M. Mohamed Lemine Ould Zeine, du DREN de Tagant, M. Sidi Ould Khalifa, du directeur de l\u2019\u00e9cole de formation professionnelle de Tidjikdja, M. Sidi Mohamed Ould Habib, du directeur r\u00e9gional de l\u2019Institut national d\u2019\u00e9ducation, M. Mohamed Ali Ould Ebeidallah, et des chefs des services de s\u00e9curit\u00e9 de la wilaya.<\/p>\n<p>&nbsp;<\/p>\n","protected":false},"excerpt":{"rendered":"<p>Le wali du Tagant, M. Tayib Ould Mohamed Mahmoud, a pr\u00e9sid\u00e9, mardi \u00e0 Tidjikdja, une r\u00e9union avec la famille \u00e9ducative, au d\u00e9but de laquelle il a ordonn\u00e9 la lecture d\u2019El Vatiha en hommage au d\u00e9funt de la famille \u00e9ducative, l\u2019ancien directeur du lyc\u00e9e Tidjikdja, M. Ahmedou Ould Sidemmou, avant d\u2019appeler tous les acteurs de l\u2019op\u00e9ration [&hellip;]<\/p>\n","protected":false},"author":1,"featured_media":233796,"comment_status":"open","ping_status":"open","sticky":false,"template":"","format":"standard","meta":{"footnotes":""},"categories":[63920,63918,63919,63957,63923],"tags":[],"class_list":["post-233791","post","type-post","status-publish","format-standard","has-post-thumbnail","hentry","category-a-la-une","category-autres","category-choix-du-redacteur","category-fil-dactualite","category-slider-wilayas"],"_links":{"self":[{"href":"https:\/\/ami.mr\/fr\/wp-json\/wp\/v2\/posts\/233791","targetHints":{"allow":["GET"]}}],"collection":[{"href":"https:\/\/ami.mr\/fr\/wp-json\/wp\/v2\/posts"}],"about":[{"href":"https:\/\/ami.mr\/fr\/wp-json\/wp\/v2\/types\/post"}],"author":[{"embeddable":true,"href":"https:\/\/ami.mr\/fr\/wp-json\/wp\/v2\/users\/1"}],"replies":[{"embeddable":true,"href":"https:\/\/ami.mr\/fr\/wp-json\/wp\/v2\/comments?post=233791"}],"version-history":[{"count":1,"href":"https:\/\/ami.mr\/fr\/wp-json\/wp\/v2\/posts\/233791\/revisions"}],"predecessor-version":[{"id":233798,"href":"https:\/\/ami.mr\/fr\/wp-json\/wp\/v2\/posts\/233791\/revisions\/233798"}],"wp:featuredmedia":[{"embeddable":true,"href":"https:\/\/ami.mr\/fr\/wp-json\/wp\/v2\/media\/233796"}],"wp:attachment":[{"href":"https:\/\/ami.mr\/fr\/wp-json\/wp\/v2\/media?parent=233791"}],"wp:term":[{"taxonomy":"category","embeddable":true,"href":"https:\/\/ami.mr\/fr\/wp-json\/wp\/v2\/categories?post=233791"},{"taxonomy":"post_tag","embeddable":true,"href":"https:\/\/ami.mr\/fr\/wp-json\/wp\/v2\/tags?post=233791"}],"curies":[{"name":"wp","href":"https:\/\/api.w.org\/{rel}","templated":true}]}}